{"id":1718,"date":"2024-08-14T09:22:32","date_gmt":"2024-08-14T07:22:32","guid":{"rendered":"https:\/\/www.podlane.pl\/blog\/?p=1718"},"modified":"2024-08-14T09:33:50","modified_gmt":"2024-08-14T07:33:50","slug":"jak-optymalnie-rozmiescic-oswietlenie-w-ogrodzie","status":"publish","type":"post","link":"https:\/\/www.podlane.pl\/blog\/jak-optymalnie-rozmiescic-oswietlenie-w-ogrodzie\/","title":{"rendered":"Jak optymalnie rozmie\u015bci\u0107 o\u015bwietlenie w ogrodzie?"},"content":{"rendered":"\n<p>Staranne rozmieszczone o\u015bwietlenie w ogrodzie uwydatni pi\u0119kno ro\u015blin, stworzy przytuln\u0105 aur\u0119 na tarasie oraz u\u0142atwi poruszanie si\u0119 ogrodowymi alejkami po zmroku. Warto jednak pami\u0119ta\u0107 o kilku zasadach, aby uzyska\u0107 jak najlepszy rezultat. Jedynie strefowy podzia\u0142 ogrodu pozwala na wyb\u00f3r o\u015bwietlenia odpowiedniego dla r\u00f3\u017cnych cz\u0119\u015bci przestrzeni, a same lampy musz\u0105 by\u0107 zamontowane tak, aby nie o\u015blepia\u0142y. Opr\u00f3cz tego warto rozwa\u017cy\u0107 rozwi\u0105zanie takiej jak czujniki ruchu dla oszcz\u0119dno\u015bci energii. Wa\u017cne jest r\u00f3wnie\u017c, aby lampy by\u0142y odporne na r\u00f3\u017cne warunki atmosferyczne. Sprawd\u017a zatem, jak nale\u017cy optymalnie rozmie\u015bci\u0107 o\u015bwietlenie w ogrodzie, by cieszy\u0107 si\u0119 komfortem jego u\u017cytkowania.<\/p>\n\n\n\n<h2 class=\"wp-block-heading\"><strong>Planowanie rozmieszczenia o\u015bwietlenia w ogrodzie<\/strong><\/h2>\n\n\n\n<p>W kwestii optymalnego rozmieszczenia <a href=\"https:\/\/www.podlane.pl\/oswietlenie-ogrodu-12v-cat-590\">o\u015bwietlenia ogrodowego<\/a> kluczowym, acz cz\u0119sto niedocenianym aspektem, jawi si\u0119 planowanie \u2013 proces, kt\u00f3ry, rozpocz\u0119ty ju\u017c na etapie projektowania zielonej przestrzeni, <strong>pozwala na precyzyjne przygotowanie instalacji elektrycznej oraz eliminuje konieczno\u015b\u0107 przeprowadzania uci\u0105\u017cliwych prac ziemnych w przysz\u0142o\u015bci<\/strong>. Owo staranne planowanie stanowi fundament, na kt\u00f3rym opiera si\u0119 nie tylko estetyka, ale i funkcjonalno\u015b\u0107 oraz bezpiecze\u0144stwo ogrodu \u2013 aspekty, kt\u00f3rych znaczenia, zw\u0142aszcza po zmroku, nie spos\u00f3b przeceni\u0107.<\/p>\n\n\n\n<h2 class=\"wp-block-heading\"><strong>Podzia\u0142 ogrodu na strefy o\u015bwietlenia<\/strong><\/h2>\n\n\n\n<p>Podzia\u0142 ogrodu na strefy funkcjonalne \u2013 oto kolejny krok, bez kt\u00f3rego trudno wyobrazi\u0107 sobie efektywne rozmieszczenie o\u015bwietlenia w ogrodzie. Szczeg\u00f3lnej uwagi wymagaj\u0105 te obszary, kt\u00f3re odgrywaj\u0105 decyduj\u0105c\u0105 rol\u0119 w codziennym u\u017cytkowaniu przestrzeni. Do takich niew\u0105tpliwie nale\u017c\u0105 ci\u0105gi komunikacyjne, czyli \u015bcie\u017cki, alejki czy schody, a kt\u00f3rych to w\u0142a\u015bciwe o\u015bwietlenie stanowi gwarancj\u0119 bezpiecznego poruszania si\u0119 wieczorami.&nbsp;<\/p>\n\n\n\n<p>Nie mniej istotne jest o\u015bwietlenie tarasu b\u0105d\u017a altanki \u2013 miejsc, kt\u00f3re, zw\u0142aszcza w ciep\u0142e, letnie wieczory, staj\u0105 si\u0119 centrum \u017cycia towarzyskiego. <strong>Wej\u015bcie do domu oraz podjazd, odpowiednio do\u015bwietlone, nie tylko u\u0142atwiaj\u0105 orientacj\u0119, ale i podnosz\u0105 poziom bezpiecze\u0144stwa posesji<\/strong>. Wreszcie, subtelne podkre\u015blenie element\u00f3w dekoracyjnych \u2013 czy to wyj\u0105tkowych okaz\u00f3w ro\u015blin, oczek wodnych, czy skalnik\u00f3w \u2013 pozwala wydoby\u0107 ich urok nawet wtedy, gdy s\u0142o\u0144ce ju\u017c dawno zasz\u0142o za horyzont.<\/p>\n\n\n\n<p><em>Przeczytaj tak\u017ce: <\/em><a href=\"https:\/\/www.podlane.pl\/blog\/kiedy-najlepiej-zakladac-ogrod\/\"><em>Kiedy najlepiej zak\u0142ada\u0107 ogr\u00f3d?<\/em><\/a><\/p>\n\n\n\n<h3 class=\"wp-block-heading\"><strong>O\u015bwietlenie ma\u0142ych ogrod\u00f3w<\/strong><\/h3>\n\n\n\n<p>W trakcie projektowania o\u015bwietlenia dla ma\u0142ych ogrod\u00f3w warto optycznie powi\u0119kszy\u0107 dost\u0119pny obszar. <strong>Punktowe \u017ar\u00f3d\u0142a \u015bwiat\u0142a, dyskretnie rozmieszczone, wizualnie powi\u0119ksz\u0105 teren<\/strong>, jednocze\u015bnie nadaj\u0105c mu g\u0142\u0119bi\u0119 i tr\u00f3jwymiarowy efekt.<\/p>\n\n\n\n<h3 class=\"wp-block-heading\"><strong>Zbyt intensywne \u015bwiat\u0142o<\/strong><\/h3>\n\n\n\n<p>Aby unikn\u0105\u0107 efektu o\u015blepienia, lampy ogrodowe powinny by\u0107 umieszczane albo znacznie powy\u017cej poziomu g\u0142owy, albo bardzo nisko przy ziemi, przy skierowaniu strumienia \u015bwiat\u0142a w bok lub w d\u00f3\u0142. Takie rozwi\u0105zanie podnosi komfort przebywania w ogrodzie, co szczeg\u00f3lnego znaczenia nabiera w miejscach rekreacyjnych i na alejkach.<\/p>\n\n\n\n<h2 class=\"wp-block-heading\"><strong>Jakie o\u015bwietlenie do ogrodu?<\/strong><\/h2>\n\n\n\n<p>R\u00f3\u017cnorodno\u015b\u0107 dost\u0119pnych na rynku typ\u00f3w lamp ogrodowych \u2013 <strong>od klasycznych latarni, przez nowoczesne s\u0142upki LED, a\u017c po dyskretne lampy spot<\/strong> \u2013 pozwala na idealne dopasowanie o\u015bwietlenia do specyfiki poszczeg\u00f3lnych stref ogrodu. \u015acie\u017cki i alejki, wymagaj\u0105ce wyra\u017anego do\u015bwietlenia, doskonale wsp\u00f3\u0142graj\u0105 z lampami stoj\u0105cymi czy latarniami, podczas gdy podjazdy i trawniki zyskuj\u0105 na zastosowaniu lamp spot wpuszczanych w pod\u0142o\u017ce.<\/p>\n\n\n\n<p>Taras, b\u0119d\u0105cy swoistym przed\u0142u\u017ceniem domu, wymaga szczeg\u00f3lnej oprawy \u015bwietlnej, kt\u00f3r\u0105 zapewni\u0107 mo\u017ce odpowiednio dobrane o\u015bwietlenie elewacyjne. Wysokie drzewa za\u015b, kt\u00f3rych majestatyczno\u015b\u0107 warto podkre\u015bli\u0107 nawet noc\u0105, doskonale prezentuj\u0105 si\u0119 w \u015bwietle reflektor\u00f3w, umiej\u0119tnie wydobywaj\u0105cych ich struktur\u0119 i kszta\u0142t.<\/p>\n\n\n\n<h3 class=\"wp-block-heading\"><strong>W\u0142a\u015bciwe rozmieszczenie o\u015bwietlenia w ogrodzie<\/strong><\/h3>\n\n\n\n<p>W kwestii rozmieszczenia punkt\u00f3w \u015bwietlnych g\u0142\u00f3wn\u0105 zasad\u0105 jest zachowanie w\u0142a\u015bciwych odleg\u0142o\u015bci mi\u0119dzy lampami \u2013<strong> oko\u0142o 1,5 metra<\/strong>. To pozwoli unikn\u0105\u0107 niepo\u017c\u0105danych ciemnych przestrzeni i zapewni r\u00f3wnomierne o\u015bwietlenie ca\u0142ego obszaru.<\/p>\n\n\n\n<h3 class=\"wp-block-heading\"><strong>Zastosowanie czujnik\u00f3w ruchu<\/strong><\/h3>\n\n\n\n<p>Czujniki ruchu, instalowane w ogrodowym o\u015bwietleniu, znacz\u0105co podnosz\u0105 efektywno\u015b\u0107 energetyczn\u0105 oraz bezpiecze\u0144stwo. Wykrywszy ruch \u2013 aktywuj\u0105 \u015bwiat\u0142o. Ta inteligentna automatyka, szczeg\u00f3lnie wzd\u0142u\u017c \u015bcie\u017cek i alejek sprawia, \u017ce nocne przechadzki staj\u0105 si\u0119 zar\u00f3wno bezpieczne, jak i ekologiczne.<\/p>\n\n\n\n<p><em>Sprawd\u017a r\u00f3wnie\u017c: <\/em><a href=\"https:\/\/www.podlane.pl\/blog\/co-robic-jesienia-w-ogrodzie\/\"><em>Co robi\u0107 jesieni\u0105 w ogrodzie?<\/em><\/a><\/p>\n\n\n\n<h2 class=\"wp-block-heading\"><strong>Bezpiecze\u0144stwo i wykorzystanie energooszcz\u0119dnych rozwi\u0105za\u0144<\/strong><\/h2>\n\n\n\n<p>Energooszcz\u0119dne rozwi\u0105zania o\u015bwietleniowe w dobie rosn\u0105cej \u015bwiadomo\u015bci ekologicznej staj\u0105 si\u0119 priorytetem. Diody LED, kt\u00f3re cechuj\u0105c si\u0119 niskim zu\u017cyciem energii i d\u0142ug\u0105 \u017cywotno\u015bci\u0105, doskonale nadaj\u0105 si\u0119 do ogrodowej iluminacji. Z kolei lampy solarne, wykorzystuj\u0105ce energi\u0119 s\u0142oneczn\u0105, znajd\u0105 zastosowanie w trudno dost\u0119pnych miejscach dla tradycyjnej elektryki.<\/p>\n\n\n\n<p>Wymogiem podstawowym przy rozmieszczeniu o\u015bwietlenia ogrodowego jest bezpiecze\u0144stwo. <strong>Lampy, <\/strong>zw\u0142aszcza te stosowane na zewn\u0105trz,<strong> musz\u0105 by\u0107 odporne na zmienne warunki atmosferyczne; dlatego w\u0142a\u015bnie powinny mie\u0107 certyfikaty szczelno\u015bci, kt\u00f3re zabezpieczaj\u0105 je przed wilgoci\u0105 i kurzem.<\/strong>\u00a0<\/p>\n\n\n\n<p>Co wi\u0119cej, niezwykle wa\u017cne jest zadbanie o ochron\u0119 instalacji elektrycznej przed potencjalnymi uszkodzeniami mechanicznymi, a tak\u017ce o w\u0142a\u015bciwe uziemienie, zapobiegaj\u0105c przy tym potencjalnie gro\u017anym sytuacjom, a nawet zagro\u017ceniu \u017cycia.<\/p>\n","protected":false},"excerpt":{"rendered":"<p>Staranne rozmieszczone o\u015bwietlenie w ogrodzie uwydatni pi\u0119kno ro\u015blin, stworzy przytuln\u0105 aur\u0119 na tarasie oraz u\u0142atwi poruszanie si\u0119 ogrodowymi alejkami po zmroku. Warto jednak pami\u0119ta\u0107 o kilku zasadach, aby uzyska\u0107 jak najlepszy rezultat.<\/p>\n","protected":false},"author":2,"featured_media":1719,"comment_status":"open","ping_status":"open","sticky":false,"template":"","format":"standard","meta":{"footnotes":""},"categories":[1],"tags":[],"class_list":["post-1718","post","type-post","status-publish","format-standard","has-post-thumbnail","hentry","category-artykuly"],"yoast_head":"<!-- This site is optimized with the Yoast SEO plugin v21.6 - https:\/\/yoast.com\/wordpress\/plugins\/seo\/ -->\r\n<title>Jak optymalnie rozmie\u015bci\u0107 o\u015bwietlenie w ogrodzie? - Blog podlane.pl<\/title>\r\n<meta name=\"description\" content=\"Zastanawiasz si\u0119, jak optymalnie rozmie\u015bci\u0107 o\u015bwietlenie w ogrodzie? Czytaj dalej i poznaj najwa\u017cniejsze wskaz\u00f3wki, kt\u00f3re u\u0142atwi\u0105 Ci prac\u0119!\" \/>\r\n<meta name=\"robots\" content=\"index, follow, max-snippet:-1, max-image-preview:large, max-video-preview:-1\" \/>\r\n<link rel=\"canonical\" href=\"https:\/\/www.podlane.pl\/blog\/jak-optymalnie-rozmiescic-oswietlenie-w-ogrodzie\/\" \/>\r\n<meta property=\"og:locale\" content=\"pl_PL\" \/>\r\n<meta property=\"og:type\" content=\"article\" \/>\r\n<meta property=\"og:title\" content=\"Jak optymalnie rozmie\u015bci\u0107 o\u015bwietlenie w ogrodzie? - Blog podlane.pl\" \/>\r\n<meta property=\"og:description\" content=\"Zastanawiasz si\u0119, jak optymalnie rozmie\u015bci\u0107 o\u015bwietlenie w ogrodzie? Czytaj dalej i poznaj najwa\u017cniejsze wskaz\u00f3wki, kt\u00f3re u\u0142atwi\u0105 Ci prac\u0119!\" \/>\r\n<meta property=\"og:url\" content=\"https:\/\/www.podlane.pl\/blog\/jak-optymalnie-rozmiescic-oswietlenie-w-ogrodzie\/\" \/>\r\n<meta property=\"og:site_name\" content=\"Blog podlane.pl\" \/>\r\n<meta property=\"article:published_time\" content=\"2024-08-14T07:22:32+00:00\" \/>\r\n<meta property=\"article:modified_time\" content=\"2024-08-14T07:33:50+00:00\" \/>\r\n<meta property=\"og:image\" content=\"https:\/\/www.podlane.pl\/blog\/wp-content\/uploads\/2024\/08\/Jak-optymalnie-rozmiescic-oswietlenie-w-ogrodzie.jpg\" \/>\r\n\t<meta property=\"og:image:width\" content=\"784\" \/>\r\n\t<meta property=\"og:image:height\" content=\"445\" \/>\r\n\t<meta property=\"og:image:type\" content=\"image\/jpeg\" \/>\r\n<meta name=\"author\" content=\"Mateusz\" \/>\r\n<meta name=\"twitter:card\" content=\"summary_large_image\" \/>\r\n<meta name=\"twitter:label1\" content=\"Napisane przez\" \/>\n\t<meta name=\"twitter:data1\" content=\"Mateusz\" \/>\n\t<meta name=\"twitter:label2\" content=\"Szacowany czas czytania\" \/>\n\t<meta name=\"twitter:data2\" content=\"4 minuty\" \/>\r\n<script type=\"application\/ld+json\" class=\"yoast-schema-graph\">{\"@context\":\"https:\/\/schema.org\",\"@graph\":[{\"@type\":\"Article\",\"@id\":\"https:\/\/www.podlane.pl\/blog\/jak-optymalnie-rozmiescic-oswietlenie-w-ogrodzie\/#article\",\"isPartOf\":{\"@id\":\"https:\/\/www.podlane.pl\/blog\/jak-optymalnie-rozmiescic-oswietlenie-w-ogrodzie\/\"},\"author\":{\"name\":\"Mateusz\",\"@id\":\"https:\/\/www.podlane.pl\/blog\/#\/schema\/person\/263cbb0e3dfad77d3f4135c972b7a087\"},\"headline\":\"Jak optymalnie rozmie\u015bci\u0107 o\u015bwietlenie w ogrodzie?\",\"datePublished\":\"2024-08-14T07:22:32+00:00\",\"dateModified\":\"2024-08-14T07:33:50+00:00\",\"mainEntityOfPage\":{\"@id\":\"https:\/\/www.podlane.pl\/blog\/jak-optymalnie-rozmiescic-oswietlenie-w-ogrodzie\/\"},\"wordCount\":844,\"commentCount\":0,\"publisher\":{\"@id\":\"https:\/\/www.podlane.pl\/blog\/#organization\"},\"articleSection\":[\"Artykuly\"],\"inLanguage\":\"pl-PL\",\"potentialAction\":[{\"@type\":\"CommentAction\",\"name\":\"Comment\",\"target\":[\"https:\/\/www.podlane.pl\/blog\/jak-optymalnie-rozmiescic-oswietlenie-w-ogrodzie\/#respond\"]}]},{\"@type\":\"WebPage\",\"@id\":\"https:\/\/www.podlane.pl\/blog\/jak-optymalnie-rozmiescic-oswietlenie-w-ogrodzie\/\",\"url\":\"https:\/\/www.podlane.pl\/blog\/jak-optymalnie-rozmiescic-oswietlenie-w-ogrodzie\/\",\"name\":\"Jak optymalnie rozmie\u015bci\u0107 o\u015bwietlenie w ogrodzie? - Blog podlane.pl\",\"isPartOf\":{\"@id\":\"https:\/\/www.podlane.pl\/blog\/#website\"},\"datePublished\":\"2024-08-14T07:22:32+00:00\",\"dateModified\":\"2024-08-14T07:33:50+00:00\",\"description\":\"Zastanawiasz si\u0119, jak optymalnie rozmie\u015bci\u0107 o\u015bwietlenie w ogrodzie? Czytaj dalej i poznaj najwa\u017cniejsze wskaz\u00f3wki, kt\u00f3re u\u0142atwi\u0105 Ci prac\u0119!\",\"breadcrumb\":{\"@id\":\"https:\/\/www.podlane.pl\/blog\/jak-optymalnie-rozmiescic-oswietlenie-w-ogrodzie\/#breadcrumb\"},\"inLanguage\":\"pl-PL\",\"potentialAction\":[{\"@type\":\"ReadAction\",\"target\":[\"https:\/\/www.podlane.pl\/blog\/jak-optymalnie-rozmiescic-oswietlenie-w-ogrodzie\/\"]}]},{\"@type\":\"BreadcrumbList\",\"@id\":\"https:\/\/www.podlane.pl\/blog\/jak-optymalnie-rozmiescic-oswietlenie-w-ogrodzie\/#breadcrumb\",\"itemListElement\":[{\"@type\":\"ListItem\",\"position\":1,\"name\":\"Strona g\u0142\u00f3wna\",\"item\":\"https:\/\/www.podlane.pl\/blog\/\"},{\"@type\":\"ListItem\",\"position\":2,\"name\":\"Jak optymalnie rozmie\u015bci\u0107 o\u015bwietlenie w ogrodzie?\"}]},{\"@type\":\"WebSite\",\"@id\":\"https:\/\/www.podlane.pl\/blog\/#website\",\"url\":\"https:\/\/www.podlane.pl\/blog\/\",\"name\":\"Blog podlane.pl\",\"description\":\"DIY - Zr\u00f3b to sam\",\"publisher\":{\"@id\":\"https:\/\/www.podlane.pl\/blog\/#organization\"},\"potentialAction\":[{\"@type\":\"SearchAction\",\"target\":{\"@type\":\"EntryPoint\",\"urlTemplate\":\"https:\/\/www.podlane.pl\/blog\/?s={search_term_string}\"},\"query-input\":\"required name=search_term_string\"}],\"inLanguage\":\"pl-PL\"},{\"@type\":\"Organization\",\"@id\":\"https:\/\/www.podlane.pl\/blog\/#organization\",\"name\":\"Blog podlane.pl\",\"url\":\"https:\/\/www.podlane.pl\/blog\/\",\"logo\":{\"@type\":\"ImageObject\",\"inLanguage\":\"pl-PL\",\"@id\":\"https:\/\/www.podlane.pl\/blog\/#\/schema\/logo\/image\/\",\"url\":\"https:\/\/www.podlane.pl\/blog\/wp-content\/uploads\/2021\/01\/logo-podlane-pl.png\",\"contentUrl\":\"https:\/\/www.podlane.pl\/blog\/wp-content\/uploads\/2021\/01\/logo-podlane-pl.png\",\"width\":700,\"height\":364,\"caption\":\"Blog podlane.pl\"},\"image\":{\"@id\":\"https:\/\/www.podlane.pl\/blog\/#\/schema\/logo\/image\/\"}},{\"@type\":\"Person\",\"@id\":\"https:\/\/www.podlane.pl\/blog\/#\/schema\/person\/263cbb0e3dfad77d3f4135c972b7a087\",\"name\":\"Mateusz\",\"image\":{\"@type\":\"ImageObject\",\"inLanguage\":\"pl-PL\",\"@id\":\"https:\/\/www.podlane.pl\/blog\/#\/schema\/person\/image\/\",\"url\":\"https:\/\/secure.gravatar.com\/avatar\/3a5c351d002ae93f2ec811a6b6ec111251cf2e039c52fdf8d33be3e4397ee644?s=96&d=mm&r=g\",\"contentUrl\":\"https:\/\/secure.gravatar.com\/avatar\/3a5c351d002ae93f2ec811a6b6ec111251cf2e039c52fdf8d33be3e4397ee644?s=96&d=mm&r=g\",\"caption\":\"Mateusz\"},\"url\":\"https:\/\/www.podlane.pl\/blog\/author\/mateusz\/\"}]}<\/script>\r\n<!-- \/ Yoast SEO plugin. -->","yoast_head_json":{"title":"Jak optymalnie rozmie\u015bci\u0107 o\u015bwietlenie w ogrodzie? - Blog podlane.pl","description":"Zastanawiasz si\u0119, jak optymalnie rozmie\u015bci\u0107 o\u015bwietlenie w ogrodzie? Czytaj dalej i poznaj najwa\u017cniejsze wskaz\u00f3wki, kt\u00f3re u\u0142atwi\u0105 Ci prac\u0119!","robots":{"index":"index","follow":"follow","max-snippet":"max-snippet:-1","max-image-preview":"max-image-preview:large","max-video-preview":"max-video-preview:-1"},"canonical":"https:\/\/www.podlane.pl\/blog\/jak-optymalnie-rozmiescic-oswietlenie-w-ogrodzie\/","og_locale":"pl_PL","og_type":"article","og_title":"Jak optymalnie rozmie\u015bci\u0107 o\u015bwietlenie w ogrodzie? - Blog podlane.pl","og_description":"Zastanawiasz si\u0119, jak optymalnie rozmie\u015bci\u0107 o\u015bwietlenie w ogrodzie? Czytaj dalej i poznaj najwa\u017cniejsze wskaz\u00f3wki, kt\u00f3re u\u0142atwi\u0105 Ci prac\u0119!","og_url":"https:\/\/www.podlane.pl\/blog\/jak-optymalnie-rozmiescic-oswietlenie-w-ogrodzie\/","og_site_name":"Blog podlane.pl","article_published_time":"2024-08-14T07:22:32+00:00","article_modified_time":"2024-08-14T07:33:50+00:00","og_image":[{"width":784,"height":445,"url":"https:\/\/www.podlane.pl\/blog\/wp-content\/uploads\/2024\/08\/Jak-optymalnie-rozmiescic-oswietlenie-w-ogrodzie.jpg","type":"image\/jpeg"}],"author":"Mateusz","twitter_card":"summary_large_image","twitter_misc":{"Napisane przez":"Mateusz","Szacowany czas czytania":"4 minuty"},"schema":{"@context":"https:\/\/schema.org","@graph":[{"@type":"Article","@id":"https:\/\/www.podlane.pl\/blog\/jak-optymalnie-rozmiescic-oswietlenie-w-ogrodzie\/#article","isPartOf":{"@id":"https:\/\/www.podlane.pl\/blog\/jak-optymalnie-rozmiescic-oswietlenie-w-ogrodzie\/"},"author":{"name":"Mateusz","@id":"https:\/\/www.podlane.pl\/blog\/#\/schema\/person\/263cbb0e3dfad77d3f4135c972b7a087"},"headline":"Jak optymalnie rozmie\u015bci\u0107 o\u015bwietlenie w ogrodzie?","datePublished":"2024-08-14T07:22:32+00:00","dateModified":"2024-08-14T07:33:50+00:00","mainEntityOfPage":{"@id":"https:\/\/www.podlane.pl\/blog\/jak-optymalnie-rozmiescic-oswietlenie-w-ogrodzie\/"},"wordCount":844,"commentCount":0,"publisher":{"@id":"https:\/\/www.podlane.pl\/blog\/#organization"},"articleSection":["Artykuly"],"inLanguage":"pl-PL","potentialAction":[{"@type":"CommentAction","name":"Comment","target":["https:\/\/www.podlane.pl\/blog\/jak-optymalnie-rozmiescic-oswietlenie-w-ogrodzie\/#respond"]}]},{"@type":"WebPage","@id":"https:\/\/www.podlane.pl\/blog\/jak-optymalnie-rozmiescic-oswietlenie-w-ogrodzie\/","url":"https:\/\/www.podlane.pl\/blog\/jak-optymalnie-rozmiescic-oswietlenie-w-ogrodzie\/","name":"Jak optymalnie rozmie\u015bci\u0107 o\u015bwietlenie w ogrodzie? - Blog podlane.pl","isPartOf":{"@id":"https:\/\/www.podlane.pl\/blog\/#website"},"datePublished":"2024-08-14T07:22:32+00:00","dateModified":"2024-08-14T07:33:50+00:00","description":"Zastanawiasz si\u0119, jak optymalnie rozmie\u015bci\u0107 o\u015bwietlenie w ogrodzie? Czytaj dalej i poznaj najwa\u017cniejsze wskaz\u00f3wki, kt\u00f3re u\u0142atwi\u0105 Ci prac\u0119!","breadcrumb":{"@id":"https:\/\/www.podlane.pl\/blog\/jak-optymalnie-rozmiescic-oswietlenie-w-ogrodzie\/#breadcrumb"},"inLanguage":"pl-PL","potentialAction":[{"@type":"ReadAction","target":["https:\/\/www.podlane.pl\/blog\/jak-optymalnie-rozmiescic-oswietlenie-w-ogrodzie\/"]}]},{"@type":"BreadcrumbList","@id":"https:\/\/www.podlane.pl\/blog\/jak-optymalnie-rozmiescic-oswietlenie-w-ogrodzie\/#breadcrumb","itemListElement":[{"@type":"ListItem","position":1,"name":"Strona g\u0142\u00f3wna","item":"https:\/\/www.podlane.pl\/blog\/"},{"@type":"ListItem","position":2,"name":"Jak optymalnie rozmie\u015bci\u0107 o\u015bwietlenie w ogrodzie?"}]},{"@type":"WebSite","@id":"https:\/\/www.podlane.pl\/blog\/#website","url":"https:\/\/www.podlane.pl\/blog\/","name":"Blog podlane.pl","description":"DIY - Zr\u00f3b to sam","publisher":{"@id":"https:\/\/www.podlane.pl\/blog\/#organization"},"potentialAction":[{"@type":"SearchAction","target":{"@type":"EntryPoint","urlTemplate":"https:\/\/www.podlane.pl\/blog\/?s={search_term_string}"},"query-input":"required name=search_term_string"}],"inLanguage":"pl-PL"},{"@type":"Organization","@id":"https:\/\/www.podlane.pl\/blog\/#organization","name":"Blog podlane.pl","url":"https:\/\/www.podlane.pl\/blog\/","logo":{"@type":"ImageObject","inLanguage":"pl-PL","@id":"https:\/\/www.podlane.pl\/blog\/#\/schema\/logo\/image\/","url":"https:\/\/www.podlane.pl\/blog\/wp-content\/uploads\/2021\/01\/logo-podlane-pl.png","contentUrl":"https:\/\/www.podlane.pl\/blog\/wp-content\/uploads\/2021\/01\/logo-podlane-pl.png","width":700,"height":364,"caption":"Blog podlane.pl"},"image":{"@id":"https:\/\/www.podlane.pl\/blog\/#\/schema\/logo\/image\/"}},{"@type":"Person","@id":"https:\/\/www.podlane.pl\/blog\/#\/schema\/person\/263cbb0e3dfad77d3f4135c972b7a087","name":"Mateusz","image":{"@type":"ImageObject","inLanguage":"pl-PL","@id":"https:\/\/www.podlane.pl\/blog\/#\/schema\/person\/image\/","url":"https:\/\/secure.gravatar.com\/avatar\/3a5c351d002ae93f2ec811a6b6ec111251cf2e039c52fdf8d33be3e4397ee644?s=96&d=mm&r=g","contentUrl":"https:\/\/secure.gravatar.com\/avatar\/3a5c351d002ae93f2ec811a6b6ec111251cf2e039c52fdf8d33be3e4397ee644?s=96&d=mm&r=g","caption":"Mateusz"},"url":"https:\/\/www.podlane.pl\/blog\/author\/mateusz\/"}]}},"_links":{"self":[{"href":"https:\/\/www.podlane.pl\/blog\/wp-json\/wp\/v2\/posts\/1718","targetHints":{"allow":["GET"]}}],"collection":[{"href":"https:\/\/www.podlane.pl\/blog\/wp-json\/wp\/v2\/posts"}],"about":[{"href":"https:\/\/www.podlane.pl\/blog\/wp-json\/wp\/v2\/types\/post"}],"author":[{"embeddable":true,"href":"https:\/\/www.podlane.pl\/blog\/wp-json\/wp\/v2\/users\/2"}],"replies":[{"embeddable":true,"href":"https:\/\/www.podlane.pl\/blog\/wp-json\/wp\/v2\/comments?post=1718"}],"version-history":[{"count":1,"href":"https:\/\/www.podlane.pl\/blog\/wp-json\/wp\/v2\/posts\/1718\/revisions"}],"predecessor-version":[{"id":1720,"href":"https:\/\/www.podlane.pl\/blog\/wp-json\/wp\/v2\/posts\/1718\/revisions\/1720"}],"wp:featuredmedia":[{"embeddable":true,"href":"https:\/\/www.podlane.pl\/blog\/wp-json\/wp\/v2\/media\/1719"}],"wp:attachment":[{"href":"https:\/\/www.podlane.pl\/blog\/wp-json\/wp\/v2\/media?parent=1718"}],"wp:term":[{"taxonomy":"category","embeddable":true,"href":"https:\/\/www.podlane.pl\/blog\/wp-json\/wp\/v2\/categories?post=1718"},{"taxonomy":"post_tag","embeddable":true,"href":"https:\/\/www.podlane.pl\/blog\/wp-json\/wp\/v2\/tags?post=1718"}],"curies":[{"name":"wp","href":"https:\/\/api.w.org\/{rel}","templated":true}]}}