{"id":1682,"date":"2024-04-26T09:14:59","date_gmt":"2024-04-26T07:14:59","guid":{"rendered":"https:\/\/www.podlane.pl\/blog\/?p=1682"},"modified":"2024-04-26T09:15:01","modified_gmt":"2024-04-26T07:15:01","slug":"do-kiedy-mozna-siac-trawe","status":"publish","type":"post","link":"https:\/\/www.podlane.pl\/blog\/do-kiedy-mozna-siac-trawe\/","title":{"rendered":"Do kiedy mo\u017cna sia\u0107 traw\u0119?"},"content":{"rendered":"\n<p><strong>Trawnik to ozdoba ka\u017cdego ogrodu, a tak\u017ce miejsce relaksu i zabawy. Opr\u00f3cz walor\u00f3w estetycznych murawa tak\u017ce chroni gleb\u0119 przed erozj\u0105, oczyszcza powietrze i reguluje mikroklimat w ogrodzie. Co wa\u017cne, to wyb\u00f3r odpowiedniego momentu na wysiew determinuje jej prawid\u0142owy wzrost i p\u00f3\u017aniejsz\u0105 kondycj\u0119. W tym artykule podpowiemy, do kiedy sia\u0107 traw\u0119, aby cieszy\u0107 si\u0119 bujn\u0105 zieleni\u0105 przez d\u0142ugi czas.<\/strong><\/p>\n\n\n\n<h2 class=\"wp-block-heading\">Najlepszy czas na sianie trawy<\/h2>\n\n\n\n<p><strong>Wiosna i jesie\u0144 to idealne pory roku na sianie trawy ze wzgl\u0119du na umiarkowane temperatury i wystarczaj\u0105c\u0105 ilo\u015b\u0107 opad\u00f3w<\/strong>. Upalne lato mo\u017ce bezlito\u015bnie wysuszy\u0107 nasiona, nie daj\u0105c im szansy na wykie\u0142kowanie. Z kolei zimowe ch\u0142ody nios\u0105 ryzyko ich przemarzni\u0119cia, blokuj\u0105c proces kie\u0142kowania.<\/p>\n\n\n\n<p>Jednak optymalne terminy wysiewu zale\u017c\u0105 tak\u017ce od kilku czynnik\u00f3w, takich jak:<\/p>\n\n\n\n<ul class=\"wp-block-list\">\n<li>Warunki pogodowe \u2013 <strong>trawa najlepiej kie\u0142kuje w temperaturze od 10 do 25\u00b0C przy wilgotno\u015bci gleby oko\u0142o 60-80%<\/strong>;<\/li>\n\n\n\n<li>rodzaj murawy \u2013 r\u00f3\u017cne <a href=\"https:\/\/www.podlane.pl\/nasiona-traw-cat-588\">mieszanki nasion traw<\/a> maj\u0105 specyficzne wymagania co do terminu siewu, na przyk\u0142ad trawy pastewne mo\u017cna wysia\u0107 wiosn\u0105 i jesieni\u0105, a odmiany ozdobne tylko wiosn\u0105;<\/li>\n\n\n\n<li>stanowisko \u2013 muraw\u0119 na stanowisku s\u0142onecznym mo\u017cna za\u0142o\u017cy\u0107 wcze\u015bniej ni\u017c t\u0119 w cieniu.<\/li>\n<\/ul>\n\n\n\n<p>Przed wysiewem warto odpowiednio przygotowa\u0107 gleb\u0119. Nale\u017cy j\u0105 wyr\u00f3wna\u0107, usun\u0105\u0107 chwasty i kamienie oraz przekopa\u0107. Nast\u0119pnie r\u00f3wnomiernie wysia\u0107 nasiona zgodnie z instrukcj\u0105 na opakowaniu. Na koniec muraw\u0119 zaleca si\u0119 wa\u0142owa\u0107, aby zapewni\u0107 dobry kontakt ziaren z gleb\u0105.<em>Przeczytaj te\u017c: <\/em><a href=\"https:\/\/www.podlane.pl\/blog\/czy-podlewanie-trawnika-to-marnowanie-wody\/\"><em>Czy podlewanie trawnika to marnowanie wody?<\/em><\/a><\/p>\n\n\n\n<h2 class=\"wp-block-heading\">Wiosenny siew trawy<\/h2>\n\n\n\n<p>Wiosna jest powszechnie uwa\u017cana przez ogrodnik\u00f3w za najlepszy moment na siew trawnika, a dok\u0142adniej czas od po\u0142owy kwietnia do ko\u0144ca maja. <strong>W tym czasie gleba jest ju\u017c ogrzana po zimie, a ryzyko przymrozk\u00f3w jest niewielkie<\/strong>. Dodatkowo wiosenne roztopy gwarantuj\u0105 odpowiedni\u0105 wilgotno\u015b\u0107, kt\u00f3ra sprzyja kie\u0142kowaniu nasion.<\/p>\n\n\n\n<p>Zalety wiosennego wysiewu:<\/p>\n\n\n\n<ul class=\"wp-block-list\">\n<li>szybsze kie\u0142kowanie nasion \u2013 w temperaturze powy\u017cej 10\u00b0C trawa kie\u0142kuje ju\u017c po 7-10 dniach;<\/li>\n\n\n\n<li>mniejsze ryzyko chor\u00f3b grzybowych \u2013 wiosn\u0105 temperatury s\u0105 zbyt niskie dla rozwoju patogen\u00f3w;<\/li>\n\n\n\n<li>szeroki wyb\u00f3r r\u00f3\u017cnorodnych mieszanek \u2013 umo\u017cliwia stworzenie trawnika dowolnego typu (od dywanowego po \u0142\u0105k\u0119 kwietn\u0105).<\/li>\n<\/ul>\n\n\n\n<p><strong>Wczesny siew wiosenny pozwala trawie dobrze si\u0119 zakorzeni\u0107 przed nadej\u015bciem letnich upa\u0142\u00f3w.<\/strong> Niestety wi\u0105\u017ce si\u0119 te\u017c z pewnymi niedogodno\u015bciami. Istnieje ryzyko uszkodzenia m\u0142odych ro\u015blin przez wyst\u0119puj\u0105ce czasem przymrozki. Dodatkowo, wraz ze wzrostem temperatury, gleba paruje intensywniej. Konieczne jest zatem cz\u0119stsze podlewanie murawy, aby utrzyma\u0107 odpowiedni\u0105 wilgotno\u015b\u0107. Przeczytaj w naszym artykule: <a href=\"https:\/\/www.podlane.pl\/blog\/jak-czesto-podlewac-swiezo-zasiana-trawe\/\">Jak cz\u0119sto podlewa\u0107 \u015bwie\u017co zasian\u0105 traw\u0119<\/a>, aby zapewni\u0107 prawid\u0142owy wzrost m\u0142odych siewek.\u00a0<\/p>\n\n\n\n<h2 class=\"wp-block-heading\">Do kiedy sia\u0107 traw\u0119 jesieni\u0105?<\/h2>\n\n\n\n<p>D\u0142ugi okres wegetacyjny jesieni\u0105 stwarza korzystne warunki do wzrostu ro\u015blin przed nadej\u015bciem mroz\u00f3w. Trawa siana od po\u0142owy wrze\u015bnia do po\u0142owy pa\u017adziernika ma wi\u0119cej czasu na ukorzenienie si\u0119 i wzmocnienie, co czyni j\u0105 bardziej odporn\u0105 na zimowe ch\u0142ody. <strong>W tym czasie temperatury s\u0105 umiarkowane, a opady regularne, co zwi\u0119ksza szanse trawnika na pi\u0119kny i zdrowy wygl\u0105d w kolejnym sezonie<\/strong>.<\/p>\n\n\n\n<p>Zalety jesiennego wysiewu:<\/p>\n\n\n\n<ul class=\"wp-block-list\">\n<li>mniejsza konkurencja ze strony chwast\u00f3w \u2013<strong> jesieni\u0105 chwasty s\u0142abiej rosn\u0105, co u\u0142atwia rozrost murawy<\/strong>;<\/li>\n\n\n\n<li>mniejsze ryzyko suszy \u2013 parowanie jest mniejsze, co zmniejsza ryzyko przesuszenia gleby;<\/li>\n\n\n\n<li>zdrowsze ro\u015bliny \u2013 ni\u017csze temperatury i wilgotno\u015b\u0107 jesieni\u0105 ograniczaj\u0105 rozw\u00f3j chor\u00f3b grzybowych.<\/li>\n<\/ul>\n\n\n\n<p>P\u00f3\u017any wysiew niesie ze sob\u0105 pewne wady. W\u015br\u00f3d nich wymieni\u0107 mo\u017cna d\u0142u\u017cszy czas, jaki potrzebuj\u0105 nasiona na kie\u0142kowanie \u2013 spowodowany ni\u017cszymi temperaturami, mo\u017ce wynosi\u0107 nawet 2-3 tygodnie. Dodatkowo w czwartym kwartale roku istnieje ryzyko przymrozk\u00f3w, kt\u00f3re mog\u0105 zagra\u017ca\u0107 m\u0142odym, delikatnym siewkom, nara\u017caj\u0105c je na uszkodzenia.<\/p>\n\n\n\n<h2 class=\"wp-block-heading\">Kiedy nie sia\u0107 trawy?<\/h2>\n\n\n\n<p>Nale\u017cy unika\u0107 siewu darni w okresie letnim, czyli od czerwca do sierpnia. W tym czasie temperatury s\u0105 zbyt wysokie, a wilgotno\u015b\u0107 powietrza zbyt niska, co mo\u017ce utrudnia\u0107 kie\u0142kowanie ziaren. <strong>Ponadto upa\u0142 i susza mog\u0105 prowadzi\u0107 do wysychania m\u0142odych ro\u015blin<\/strong>.&nbsp;<\/p>\n\n\n\n<p>Nie powinno si\u0119 sia\u0107 trawy p\u00f3\u017an\u0105 jesieni\u0105 i zim\u0105, czyli od listopada do marca. W tym czasie temperatury s\u0105 zbyt niskie, a gleba jest zbyt zimna, by nasiona wykie\u0142kowa\u0142y. Dodatkowo z powodu ryzyka wyp\u0142ukania ziaren przez nadmiar wody, <strong>nie zaleca si\u0119 wysiewu po silnych opadach deszczu<\/strong>.<\/p>\n\n\n\n<h2 class=\"wp-block-heading\">Piel\u0119gnacja trawy po siewie<\/h2>\n\n\n\n<p>Pierwsze tygodnie po wysiewie to najwa\u017cniejszy okres dla rozwoju trawy. W tym czasie m\u0142ode ro\u015bliny s\u0105 delikatne i wra\u017cliwe na niekorzystne warunki. Muraw\u0119 nale\u017cy regularnie podlewa\u0107, aby utrzyma\u0107 wilgotno\u015b\u0107 gleby.&nbsp;<\/p>\n\n\n\n<p>Nawo\u017cenie po siewie nie jest konieczne, ale mo\u017ce przyspieszy\u0107 wzrost darni. <strong>Nale\u017cy stosowa\u0107 nawozy przeznaczone do trawnik\u00f3w nowo za\u0142o\u017conych, bogate w azot i fosfor<\/strong>. Pierwsze koszenie trawy powinno odby\u0107 si\u0119, gdy osi\u0105gnie ona wysoko\u015b\u0107 oko\u0142o 8-10 cm. Warto kosi\u0107 zieleniec regularnie, usuwaj\u0105c maksymalnie 1\/3 wysoko\u015bci \u017ad\u017ab\u0142a, a pokosie pozostawi\u0107 jako naturalny naw\u00f3z.<\/p>\n\n\n\n<p>Pami\u0119taj, \u017ce piel\u0119gnacja murawy po siewie wymaga czasu i zaanga\u017cowania. Je\u015bli masz w\u0105tpliwo\u015bci, do kiedy sia\u0107 traw\u0119, skonsultuj si\u0119 z do\u015bwiadczonym ogrodnikiem.<\/p>\n\n\n\n<p><\/p>\n","protected":false},"excerpt":{"rendered":"<p>Trawnik to ozdoba ka\u017cdego ogrodu, a tak\u017ce miejsce relaksu i zabawy. Opr\u00f3cz walor\u00f3w estetycznych murawa tak\u017ce chroni gleb\u0119 przed erozj\u0105, oczyszcza powietrze i reguluje mikroklimat w ogrodzie. Co wa\u017cne, to wyb\u00f3r odpowiedniego momentu na wysiew determinuje jej prawid\u0142owy wzrost i p\u00f3\u017aniejsz\u0105 kondycj\u0119. W tym artykule podpowiemy, do kiedy sia\u0107 traw\u0119, aby cieszy\u0107 si\u0119 bujn\u0105 zieleni\u0105 przez d\u0142ugi czas. Najlepszy czas na sianie trawy Wiosna i jesie\u0144 to idealne pory roku na sianie trawy ze wzgl\u0119du na umiarkowane temperatury i wystarczaj\u0105c\u0105 ilo\u015b\u0107 opad\u00f3w. Upalne lato mo\u017ce bezlito\u015bnie wysuszy\u0107 nasiona, nie daj\u0105c im szansy na wykie\u0142kowanie. Z kolei zimowe ch\u0142ody nios\u0105 ryzyko ich przemarzni\u0119cia, blokuj\u0105c proces kie\u0142kowania. Jednak optymalne terminy wysiewu zale\u017c\u0105 tak\u017ce od kilku czynnik\u00f3w, takich jak: Przed wysiewem warto odpowiednio przygotowa\u0107 gleb\u0119. Nale\u017cy j\u0105 wyr\u00f3wna\u0107, usun\u0105\u0107 chwasty i kamienie oraz przekopa\u0107. Nast\u0119pnie r\u00f3wnomiernie wysia\u0107 nasiona zgodnie z instrukcj\u0105 na opakowaniu. Na koniec muraw\u0119 zaleca si\u0119 wa\u0142owa\u0107, aby zapewni\u0107 dobry kontakt ziaren z gleb\u0105.Przeczytaj te\u017c: Czy podlewanie trawnika to marnowanie wody? Wiosenny siew trawy Wiosna jest powszechnie uwa\u017cana przez ogrodnik\u00f3w za najlepszy moment na siew trawnika, a dok\u0142adniej czas od po\u0142owy kwietnia do ko\u0144ca maja. W tym czasie gleba jest ju\u017c ogrzana po zimie, a ryzyko przymrozk\u00f3w jest niewielkie. Dodatkowo wiosenne roztopy gwarantuj\u0105 odpowiedni\u0105 wilgotno\u015b\u0107, kt\u00f3ra sprzyja kie\u0142kowaniu nasion. Zalety wiosennego wysiewu: Wczesny siew wiosenny pozwala trawie dobrze si\u0119 zakorzeni\u0107 przed nadej\u015bciem letnich upa\u0142\u00f3w. Niestety wi\u0105\u017ce si\u0119 te\u017c z pewnymi niedogodno\u015bciami. Istnieje ryzyko uszkodzenia m\u0142odych ro\u015blin przez wyst\u0119puj\u0105ce czasem przymrozki. Dodatkowo, wraz ze wzrostem temperatury, gleba paruje intensywniej. Konieczne jest zatem cz\u0119stsze podlewanie murawy, aby utrzyma\u0107 odpowiedni\u0105 wilgotno\u015b\u0107. Przeczytaj w naszym artykule: Jak cz\u0119sto podlewa\u0107 \u015bwie\u017co zasian\u0105 traw\u0119, aby zapewni\u0107 prawid\u0142owy wzrost m\u0142odych siewek.\u00a0 Do kiedy sia\u0107 traw\u0119 jesieni\u0105? D\u0142ugi okres wegetacyjny jesieni\u0105 stwarza korzystne warunki do wzrostu ro\u015blin przed nadej\u015bciem mroz\u00f3w. Trawa siana od po\u0142owy wrze\u015bnia do po\u0142owy pa\u017adziernika ma wi\u0119cej czasu na ukorzenienie si\u0119 i wzmocnienie, co czyni j\u0105 bardziej odporn\u0105 na zimowe ch\u0142ody. W tym czasie temperatury s\u0105 umiarkowane, a opady regularne, co zwi\u0119ksza szanse trawnika na pi\u0119kny i zdrowy wygl\u0105d w kolejnym sezonie. Zalety jesiennego wysiewu: P\u00f3\u017any wysiew niesie ze sob\u0105 pewne wady. W\u015br\u00f3d nich wymieni\u0107 mo\u017cna d\u0142u\u017cszy czas, jaki potrzebuj\u0105 nasiona na kie\u0142kowanie \u2013 spowodowany ni\u017cszymi temperaturami, mo\u017ce wynosi\u0107 nawet 2-3 tygodnie. Dodatkowo w czwartym kwartale roku istnieje ryzyko przymrozk\u00f3w, kt\u00f3re mog\u0105 zagra\u017ca\u0107 m\u0142odym, delikatnym siewkom, nara\u017caj\u0105c je na uszkodzenia. Kiedy nie sia\u0107 trawy? Nale\u017cy unika\u0107 siewu darni w okresie letnim, czyli od czerwca do sierpnia. W tym czasie temperatury s\u0105 zbyt wysokie, a wilgotno\u015b\u0107 powietrza zbyt niska, co mo\u017ce utrudnia\u0107 kie\u0142kowanie ziaren. Ponadto upa\u0142 i susza mog\u0105 prowadzi\u0107 do wysychania m\u0142odych ro\u015blin.&nbsp; Nie powinno si\u0119 sia\u0107 trawy p\u00f3\u017an\u0105 jesieni\u0105 i zim\u0105, czyli od listopada do marca. W tym czasie temperatury s\u0105 zbyt niskie, a gleba jest zbyt zimna, by nasiona wykie\u0142kowa\u0142y. Dodatkowo z powodu ryzyka wyp\u0142ukania ziaren przez nadmiar wody, nie zaleca si\u0119 wysiewu po silnych opadach deszczu. Piel\u0119gnacja trawy po siewie Pierwsze tygodnie po wysiewie to najwa\u017cniejszy okres dla rozwoju trawy. W tym czasie m\u0142ode ro\u015bliny s\u0105 delikatne i wra\u017cliwe na niekorzystne warunki. Muraw\u0119 nale\u017cy regularnie podlewa\u0107, aby utrzyma\u0107 wilgotno\u015b\u0107 gleby.&nbsp; Nawo\u017cenie po siewie nie jest konieczne, ale mo\u017ce przyspieszy\u0107 wzrost darni. Nale\u017cy stosowa\u0107 nawozy przeznaczone do trawnik\u00f3w nowo za\u0142o\u017conych, bogate w azot i fosfor. Pierwsze koszenie trawy powinno odby\u0107 si\u0119, gdy osi\u0105gnie ona wysoko\u015b\u0107 oko\u0142o 8-10 cm. Warto kosi\u0107 zieleniec regularnie, usuwaj\u0105c maksymalnie 1\/3 wysoko\u015bci \u017ad\u017ab\u0142a, a pokosie pozostawi\u0107 jako naturalny naw\u00f3z. Pami\u0119taj, \u017ce piel\u0119gnacja murawy po siewie wymaga czasu i zaanga\u017cowania. Je\u015bli masz w\u0105tpliwo\u015bci, do kiedy sia\u0107 traw\u0119, skonsultuj si\u0119 z do\u015bwiadczonym ogrodnikiem.<\/p>\n","protected":false},"author":2,"featured_media":1683,"comment_status":"open","ping_status":"open","sticky":false,"template":"","format":"standard","meta":{"footnotes":""},"categories":[1],"tags":[],"class_list":["post-1682","post","type-post","status-publish","format-standard","has-post-thumbnail","hentry","category-artykuly"],"yoast_head":"<!-- This site is optimized with the Yoast SEO plugin v21.6 - https:\/\/yoast.com\/wordpress\/plugins\/seo\/ -->\r\n<title>Do kiedy mo\u017cna sia\u0107 traw\u0119? - Blog podlane.pl<\/title>\r\n<meta name=\"description\" content=\"Chcesz, \u017ceby trawa w ogrodzie pi\u0119knie wygl\u0105da\u0142a? Dowiedz si\u0119, jakie s\u0105 najlepsze momenty na wysiew trawy i do kiedy mo\u017cna sia\u0107 traw\u0119!\" \/>\r\n<meta name=\"robots\" content=\"index, follow, max-snippet:-1, max-image-preview:large, max-video-preview:-1\" \/>\r\n<link rel=\"canonical\" href=\"https:\/\/www.podlane.pl\/blog\/do-kiedy-mozna-siac-trawe\/\" \/>\r\n<meta property=\"og:locale\" content=\"pl_PL\" \/>\r\n<meta property=\"og:type\" content=\"article\" \/>\r\n<meta property=\"og:title\" content=\"Do kiedy mo\u017cna sia\u0107 traw\u0119? - Blog podlane.pl\" \/>\r\n<meta property=\"og:description\" content=\"Chcesz, \u017ceby trawa w ogrodzie pi\u0119knie wygl\u0105da\u0142a? Dowiedz si\u0119, jakie s\u0105 najlepsze momenty na wysiew trawy i do kiedy mo\u017cna sia\u0107 traw\u0119!\" \/>\r\n<meta property=\"og:url\" content=\"https:\/\/www.podlane.pl\/blog\/do-kiedy-mozna-siac-trawe\/\" \/>\r\n<meta property=\"og:site_name\" content=\"Blog podlane.pl\" \/>\r\n<meta property=\"article:published_time\" content=\"2024-04-26T07:14:59+00:00\" \/>\r\n<meta property=\"article:modified_time\" content=\"2024-04-26T07:15:01+00:00\" \/>\r\n<meta property=\"og:image\" content=\"https:\/\/www.podlane.pl\/blog\/wp-content\/uploads\/2024\/04\/do-kiedy-mozna-siac-trawe.jpg\" \/>\r\n\t<meta property=\"og:image:width\" content=\"723\" \/>\r\n\t<meta property=\"og:image:height\" content=\"484\" \/>\r\n\t<meta property=\"og:image:type\" content=\"image\/jpeg\" \/>\r\n<meta name=\"author\" content=\"Mateusz\" \/>\r\n<meta name=\"twitter:card\" content=\"summary_large_image\" \/>\r\n<meta name=\"twitter:label1\" content=\"Napisane przez\" \/>\n\t<meta name=\"twitter:data1\" content=\"Mateusz\" \/>\n\t<meta name=\"twitter:label2\" content=\"Szacowany czas czytania\" \/>\n\t<meta name=\"twitter:data2\" content=\"5 minut\" \/>\r\n<script type=\"application\/ld+json\" class=\"yoast-schema-graph\">{\"@context\":\"https:\/\/schema.org\",\"@graph\":[{\"@type\":\"Article\",\"@id\":\"https:\/\/www.podlane.pl\/blog\/do-kiedy-mozna-siac-trawe\/#article\",\"isPartOf\":{\"@id\":\"https:\/\/www.podlane.pl\/blog\/do-kiedy-mozna-siac-trawe\/\"},\"author\":{\"name\":\"Mateusz\",\"@id\":\"https:\/\/www.podlane.pl\/blog\/#\/schema\/person\/263cbb0e3dfad77d3f4135c972b7a087\"},\"headline\":\"Do kiedy mo\u017cna sia\u0107 traw\u0119?\",\"datePublished\":\"2024-04-26T07:14:59+00:00\",\"dateModified\":\"2024-04-26T07:15:01+00:00\",\"mainEntityOfPage\":{\"@id\":\"https:\/\/www.podlane.pl\/blog\/do-kiedy-mozna-siac-trawe\/\"},\"wordCount\":854,\"commentCount\":0,\"publisher\":{\"@id\":\"https:\/\/www.podlane.pl\/blog\/#organization\"},\"articleSection\":[\"Artykuly\"],\"inLanguage\":\"pl-PL\",\"potentialAction\":[{\"@type\":\"CommentAction\",\"name\":\"Comment\",\"target\":[\"https:\/\/www.podlane.pl\/blog\/do-kiedy-mozna-siac-trawe\/#respond\"]}]},{\"@type\":\"WebPage\",\"@id\":\"https:\/\/www.podlane.pl\/blog\/do-kiedy-mozna-siac-trawe\/\",\"url\":\"https:\/\/www.podlane.pl\/blog\/do-kiedy-mozna-siac-trawe\/\",\"name\":\"Do kiedy mo\u017cna sia\u0107 traw\u0119? - Blog podlane.pl\",\"isPartOf\":{\"@id\":\"https:\/\/www.podlane.pl\/blog\/#website\"},\"datePublished\":\"2024-04-26T07:14:59+00:00\",\"dateModified\":\"2024-04-26T07:15:01+00:00\",\"description\":\"Chcesz, \u017ceby trawa w ogrodzie pi\u0119knie wygl\u0105da\u0142a? Dowiedz si\u0119, jakie s\u0105 najlepsze momenty na wysiew trawy i do kiedy mo\u017cna sia\u0107 traw\u0119!\",\"breadcrumb\":{\"@id\":\"https:\/\/www.podlane.pl\/blog\/do-kiedy-mozna-siac-trawe\/#breadcrumb\"},\"inLanguage\":\"pl-PL\",\"potentialAction\":[{\"@type\":\"ReadAction\",\"target\":[\"https:\/\/www.podlane.pl\/blog\/do-kiedy-mozna-siac-trawe\/\"]}]},{\"@type\":\"BreadcrumbList\",\"@id\":\"https:\/\/www.podlane.pl\/blog\/do-kiedy-mozna-siac-trawe\/#breadcrumb\",\"itemListElement\":[{\"@type\":\"ListItem\",\"position\":1,\"name\":\"Strona g\u0142\u00f3wna\",\"item\":\"https:\/\/www.podlane.pl\/blog\/\"},{\"@type\":\"ListItem\",\"position\":2,\"name\":\"Do kiedy mo\u017cna sia\u0107 traw\u0119?\"}]},{\"@type\":\"WebSite\",\"@id\":\"https:\/\/www.podlane.pl\/blog\/#website\",\"url\":\"https:\/\/www.podlane.pl\/blog\/\",\"name\":\"Blog podlane.pl\",\"description\":\"DIY - Zr\u00f3b to sam\",\"publisher\":{\"@id\":\"https:\/\/www.podlane.pl\/blog\/#organization\"},\"potentialAction\":[{\"@type\":\"SearchAction\",\"target\":{\"@type\":\"EntryPoint\",\"urlTemplate\":\"https:\/\/www.podlane.pl\/blog\/?s={search_term_string}\"},\"query-input\":\"required name=search_term_string\"}],\"inLanguage\":\"pl-PL\"},{\"@type\":\"Organization\",\"@id\":\"https:\/\/www.podlane.pl\/blog\/#organization\",\"name\":\"Blog podlane.pl\",\"url\":\"https:\/\/www.podlane.pl\/blog\/\",\"logo\":{\"@type\":\"ImageObject\",\"inLanguage\":\"pl-PL\",\"@id\":\"https:\/\/www.podlane.pl\/blog\/#\/schema\/logo\/image\/\",\"url\":\"https:\/\/www.podlane.pl\/blog\/wp-content\/uploads\/2021\/01\/logo-podlane-pl.png\",\"contentUrl\":\"https:\/\/www.podlane.pl\/blog\/wp-content\/uploads\/2021\/01\/logo-podlane-pl.png\",\"width\":700,\"height\":364,\"caption\":\"Blog podlane.pl\"},\"image\":{\"@id\":\"https:\/\/www.podlane.pl\/blog\/#\/schema\/logo\/image\/\"}},{\"@type\":\"Person\",\"@id\":\"https:\/\/www.podlane.pl\/blog\/#\/schema\/person\/263cbb0e3dfad77d3f4135c972b7a087\",\"name\":\"Mateusz\",\"image\":{\"@type\":\"ImageObject\",\"inLanguage\":\"pl-PL\",\"@id\":\"https:\/\/www.podlane.pl\/blog\/#\/schema\/person\/image\/\",\"url\":\"https:\/\/secure.gravatar.com\/avatar\/3a5c351d002ae93f2ec811a6b6ec111251cf2e039c52fdf8d33be3e4397ee644?s=96&d=mm&r=g\",\"contentUrl\":\"https:\/\/secure.gravatar.com\/avatar\/3a5c351d002ae93f2ec811a6b6ec111251cf2e039c52fdf8d33be3e4397ee644?s=96&d=mm&r=g\",\"caption\":\"Mateusz\"},\"url\":\"https:\/\/www.podlane.pl\/blog\/author\/mateusz\/\"}]}<\/script>\r\n<!-- \/ Yoast SEO plugin. -->","yoast_head_json":{"title":"Do kiedy mo\u017cna sia\u0107 traw\u0119? - Blog podlane.pl","description":"Chcesz, \u017ceby trawa w ogrodzie pi\u0119knie wygl\u0105da\u0142a? Dowiedz si\u0119, jakie s\u0105 najlepsze momenty na wysiew trawy i do kiedy mo\u017cna sia\u0107 traw\u0119!","robots":{"index":"index","follow":"follow","max-snippet":"max-snippet:-1","max-image-preview":"max-image-preview:large","max-video-preview":"max-video-preview:-1"},"canonical":"https:\/\/www.podlane.pl\/blog\/do-kiedy-mozna-siac-trawe\/","og_locale":"pl_PL","og_type":"article","og_title":"Do kiedy mo\u017cna sia\u0107 traw\u0119? - Blog podlane.pl","og_description":"Chcesz, \u017ceby trawa w ogrodzie pi\u0119knie wygl\u0105da\u0142a? Dowiedz si\u0119, jakie s\u0105 najlepsze momenty na wysiew trawy i do kiedy mo\u017cna sia\u0107 traw\u0119!","og_url":"https:\/\/www.podlane.pl\/blog\/do-kiedy-mozna-siac-trawe\/","og_site_name":"Blog podlane.pl","article_published_time":"2024-04-26T07:14:59+00:00","article_modified_time":"2024-04-26T07:15:01+00:00","og_image":[{"width":723,"height":484,"url":"https:\/\/www.podlane.pl\/blog\/wp-content\/uploads\/2024\/04\/do-kiedy-mozna-siac-trawe.jpg","type":"image\/jpeg"}],"author":"Mateusz","twitter_card":"summary_large_image","twitter_misc":{"Napisane przez":"Mateusz","Szacowany czas czytania":"5 minut"},"schema":{"@context":"https:\/\/schema.org","@graph":[{"@type":"Article","@id":"https:\/\/www.podlane.pl\/blog\/do-kiedy-mozna-siac-trawe\/#article","isPartOf":{"@id":"https:\/\/www.podlane.pl\/blog\/do-kiedy-mozna-siac-trawe\/"},"author":{"name":"Mateusz","@id":"https:\/\/www.podlane.pl\/blog\/#\/schema\/person\/263cbb0e3dfad77d3f4135c972b7a087"},"headline":"Do kiedy mo\u017cna sia\u0107 traw\u0119?","datePublished":"2024-04-26T07:14:59+00:00","dateModified":"2024-04-26T07:15:01+00:00","mainEntityOfPage":{"@id":"https:\/\/www.podlane.pl\/blog\/do-kiedy-mozna-siac-trawe\/"},"wordCount":854,"commentCount":0,"publisher":{"@id":"https:\/\/www.podlane.pl\/blog\/#organization"},"articleSection":["Artykuly"],"inLanguage":"pl-PL","potentialAction":[{"@type":"CommentAction","name":"Comment","target":["https:\/\/www.podlane.pl\/blog\/do-kiedy-mozna-siac-trawe\/#respond"]}]},{"@type":"WebPage","@id":"https:\/\/www.podlane.pl\/blog\/do-kiedy-mozna-siac-trawe\/","url":"https:\/\/www.podlane.pl\/blog\/do-kiedy-mozna-siac-trawe\/","name":"Do kiedy mo\u017cna sia\u0107 traw\u0119? - Blog podlane.pl","isPartOf":{"@id":"https:\/\/www.podlane.pl\/blog\/#website"},"datePublished":"2024-04-26T07:14:59+00:00","dateModified":"2024-04-26T07:15:01+00:00","description":"Chcesz, \u017ceby trawa w ogrodzie pi\u0119knie wygl\u0105da\u0142a? Dowiedz si\u0119, jakie s\u0105 najlepsze momenty na wysiew trawy i do kiedy mo\u017cna sia\u0107 traw\u0119!","breadcrumb":{"@id":"https:\/\/www.podlane.pl\/blog\/do-kiedy-mozna-siac-trawe\/#breadcrumb"},"inLanguage":"pl-PL","potentialAction":[{"@type":"ReadAction","target":["https:\/\/www.podlane.pl\/blog\/do-kiedy-mozna-siac-trawe\/"]}]},{"@type":"BreadcrumbList","@id":"https:\/\/www.podlane.pl\/blog\/do-kiedy-mozna-siac-trawe\/#breadcrumb","itemListElement":[{"@type":"ListItem","position":1,"name":"Strona g\u0142\u00f3wna","item":"https:\/\/www.podlane.pl\/blog\/"},{"@type":"ListItem","position":2,"name":"Do kiedy mo\u017cna sia\u0107 traw\u0119?"}]},{"@type":"WebSite","@id":"https:\/\/www.podlane.pl\/blog\/#website","url":"https:\/\/www.podlane.pl\/blog\/","name":"Blog podlane.pl","description":"DIY - Zr\u00f3b to sam","publisher":{"@id":"https:\/\/www.podlane.pl\/blog\/#organization"},"potentialAction":[{"@type":"SearchAction","target":{"@type":"EntryPoint","urlTemplate":"https:\/\/www.podlane.pl\/blog\/?s={search_term_string}"},"query-input":"required name=search_term_string"}],"inLanguage":"pl-PL"},{"@type":"Organization","@id":"https:\/\/www.podlane.pl\/blog\/#organization","name":"Blog podlane.pl","url":"https:\/\/www.podlane.pl\/blog\/","logo":{"@type":"ImageObject","inLanguage":"pl-PL","@id":"https:\/\/www.podlane.pl\/blog\/#\/schema\/logo\/image\/","url":"https:\/\/www.podlane.pl\/blog\/wp-content\/uploads\/2021\/01\/logo-podlane-pl.png","contentUrl":"https:\/\/www.podlane.pl\/blog\/wp-content\/uploads\/2021\/01\/logo-podlane-pl.png","width":700,"height":364,"caption":"Blog podlane.pl"},"image":{"@id":"https:\/\/www.podlane.pl\/blog\/#\/schema\/logo\/image\/"}},{"@type":"Person","@id":"https:\/\/www.podlane.pl\/blog\/#\/schema\/person\/263cbb0e3dfad77d3f4135c972b7a087","name":"Mateusz","image":{"@type":"ImageObject","inLanguage":"pl-PL","@id":"https:\/\/www.podlane.pl\/blog\/#\/schema\/person\/image\/","url":"https:\/\/secure.gravatar.com\/avatar\/3a5c351d002ae93f2ec811a6b6ec111251cf2e039c52fdf8d33be3e4397ee644?s=96&d=mm&r=g","contentUrl":"https:\/\/secure.gravatar.com\/avatar\/3a5c351d002ae93f2ec811a6b6ec111251cf2e039c52fdf8d33be3e4397ee644?s=96&d=mm&r=g","caption":"Mateusz"},"url":"https:\/\/www.podlane.pl\/blog\/author\/mateusz\/"}]}},"_links":{"self":[{"href":"https:\/\/www.podlane.pl\/blog\/wp-json\/wp\/v2\/posts\/1682","targetHints":{"allow":["GET"]}}],"collection":[{"href":"https:\/\/www.podlane.pl\/blog\/wp-json\/wp\/v2\/posts"}],"about":[{"href":"https:\/\/www.podlane.pl\/blog\/wp-json\/wp\/v2\/types\/post"}],"author":[{"embeddable":true,"href":"https:\/\/www.podlane.pl\/blog\/wp-json\/wp\/v2\/users\/2"}],"replies":[{"embeddable":true,"href":"https:\/\/www.podlane.pl\/blog\/wp-json\/wp\/v2\/comments?post=1682"}],"version-history":[{"count":4,"href":"https:\/\/www.podlane.pl\/blog\/wp-json\/wp\/v2\/posts\/1682\/revisions"}],"predecessor-version":[{"id":1688,"href":"https:\/\/www.podlane.pl\/blog\/wp-json\/wp\/v2\/posts\/1682\/revisions\/1688"}],"wp:featuredmedia":[{"embeddable":true,"href":"https:\/\/www.podlane.pl\/blog\/wp-json\/wp\/v2\/media\/1683"}],"wp:attachment":[{"href":"https:\/\/www.podlane.pl\/blog\/wp-json\/wp\/v2\/media?parent=1682"}],"wp:term":[{"taxonomy":"category","embeddable":true,"href":"https:\/\/www.podlane.pl\/blog\/wp-json\/wp\/v2\/categories?post=1682"},{"taxonomy":"post_tag","embeddable":true,"href":"https:\/\/www.podlane.pl\/blog\/wp-json\/wp\/v2\/tags?post=1682"}],"curies":[{"name":"wp","href":"https:\/\/api.w.org\/{rel}","templated":true}]}}