{"id":1590,"date":"2023-12-27T17:35:03","date_gmt":"2023-12-27T16:35:03","guid":{"rendered":"https:\/\/www.podlane.pl\/blog\/?p=1590"},"modified":"2023-12-27T17:35:04","modified_gmt":"2023-12-27T16:35:04","slug":"kiedy-kosic-trawe","status":"publish","type":"post","link":"https:\/\/www.podlane.pl\/blog\/kiedy-kosic-trawe\/","title":{"rendered":"Kiedy kosi\u0107 traw\u0119?"},"content":{"rendered":"\n<p><strong>Podstaw\u0105 piel\u0119gnacji ka\u017cdego ogrodu i ka\u017cdej dzia\u0142ki jest koszenie trawy. Czynno\u015b\u0107 ta z pozoru wydaje si\u0119 bardzo \u0142atwa. Jak si\u0119 jednak okazuje, mo\u017ce sprawia\u0107 trudno\u015bci, zw\u0142aszcza gdy wykona si\u0119 j\u0105 nieprawid\u0142owo. Pytanie, kiedy mo\u017cna kosi\u0107 traw\u0119, jest zatem ca\u0142kowicie normalne. Odpowiemy na nie w tym artykule i rozwiniemy temat tak, aby ju\u017c nigdy wi\u0119cej nie wzbudza\u0142 w\u0105tpliwo\u015bci.<\/strong><\/p>\n\n\n\n<h2 class=\"wp-block-heading\"><strong>Kiedy mo\u017cna kosi\u0107 traw\u0119?<\/strong><\/h2>\n\n\n\n<p><strong>Przede wszystkim nale\u017cy zwraca\u0107 uwag\u0119 na to, czy trawa jest wystarczaj\u0105co sucha<\/strong>. Na obszarach znajduj\u0105cych si\u0119 w obr\u0119bie klimat\u00f3w, w kt\u00f3rych przewa\u017caj\u0105 opady atmosferyczne przez ca\u0142y rok, to kwestia bardzo uci\u0105\u017cliwa. W Polsce jednak sytuacj\u0119 pod tym wzgl\u0119dem mo\u017cna uzna\u0107 za ca\u0142kiem optymistyczn\u0105. Oczywi\u015bcie zdarzaj\u0105 si\u0119 burze i opady deszczu w letnich miesi\u0105cach, jednak mo\u017cemy cieszy\u0107 si\u0119 tak\u017ce z wielu s\u0142onecznych dni.<\/p>\n\n\n\n<p>Skoro jeste\u015bmy ju\u017c przy pogodzie, musimy tak\u017ce wspomnie\u0107, \u017ce <strong>upalne dni nie s\u0105 dobrym wyborem na koszenie traw. <\/strong>W letnich miesi\u0105cach, w godzinach, gdy s\u0142o\u0144ce najbardziej dogrzewa, to zdecydowanie niewskazany moment na t\u0119 czynno\u015b\u0107. Jak wi\u0119c sobie poradzi\u0107 z tym problemem? Przede wszystkim <strong>nale\u017cy wybiera\u0107 godziny poranne lub wieczorne<\/strong>. Wtedy temperatura spada i staje si\u0119 bardziej odpowiednia do koszenia trawy. Ro\u015bliny s\u0105 w\u00f3wczas najbardziej podatne na \u015bcinanie ze wzgl\u0119du na swoj\u0105 wi\u0119ksz\u0105 spr\u0119\u017cysto\u015b\u0107 w tych warunkach.<\/p>\n\n\n\n<p>Zobacz te\u017c: <a href=\"https:\/\/www.podlane.pl\/blog\/jaka-kosiarke-wybrac-do-duzych-powierzchni\/\">Jak\u0105 kosiark\u0119 wybra\u0107 do du\u017cych powierzchni?<\/a>.<\/p>\n\n\n\n<h2 class=\"wp-block-heading\"><strong>Co ile kosi\u0107 traw\u0119?<\/strong><\/h2>\n\n\n\n<p>Kolejn\u0105 fundamentaln\u0105 kwesti\u0105 dla wszystkich posiadaj\u0105cych ogrody lub dzia\u0142ki jest wyja\u015bnienie, jak cz\u0119sto kosi\u0107 traw\u0119.&nbsp;Odpowied\u017a na to pytanie nie mo\u017ce by\u0107 jednoznaczna, poniewa\u017c wiele zale\u017cy od rodzaju trawy, tempa jej wzrostu czy warunk\u00f3w pogodowych. Z regu\u0142y jednak <strong>przyjmuje si\u0119, \u017ce koszenie powinno odbywa\u0107 si\u0119 raz na tydzie\u0144 lub raz na dwa tygodnie.<\/strong><\/p>\n\n\n\n<p>Trzeba jednak doda\u0107 o mo\u017cliwo\u015bci odst\u0119pstw od tej zasady. Mog\u0105 one obowi\u0105zywa\u0107 zw\u0142aszcza w okresie najintensywniejszego wzrostu \u2013<strong> od po\u0142owy kwietnia do ko\u0144ca czerwca<\/strong>. W\u00f3wczas co ile nale\u017cy kosi\u0107 traw\u0119? <strong>Zwi\u0119kszenie cz\u0119stotliwo\u015bci z jednego do dw\u00f3ch razy w tygodniu<\/strong> <strong>b\u0119dzie jak najbardziej wskazane<\/strong>. Poza tym, je\u015bli ro\u015blinno\u015b\u0107 nie jest podlewana w okresie suszy, jej tempo wzrostu spowalnia. W zwi\u0105zku tym cz\u0119stotliwo\u015b\u0107 \u015bcinania r\u00f3wnie\u017c mo\u017ce si\u0119 zmieni\u0107.<\/p>\n\n\n\n<p>Dok\u0142adna wysoko\u015b\u0107 \u015bcinania trawnika zale\u017cy mi\u0119dzy innymi od jego rodzaju. Niekt\u00f3rzy decyduj\u0105 si\u0119 na pozostawienie zaledwie 2-3 cm, lecz w naszym klimacie korzystniejszym rozwi\u0105zaniem jest poziom <strong>od 4 do 6 centymetr\u00f3w<\/strong>. Poza tym warto pami\u0119ta\u0107, aby <strong>nie skraca\u0107 \u017ad\u017abe\u0142 trawy powy\u017cej po\u0142owy ich d\u0142ugo\u015bci.<\/strong> Nale\u017cy te\u017c zwraca\u0107 uwag\u0119 na panuj\u0105ce warunki. <strong>Podczas wysokich temperatur powinno si\u0119 kosi\u0107 na wy\u017cszej wysoko\u015bci.<\/strong><\/p>\n\n\n\n<p>Przeczytaj tak\u017ce: <a href=\"https:\/\/www.podlane.pl\/blog\/kosiarka-czy-robot-koszacy\/\">Kosiarka czy robot kosz\u0105cy \u2013 co wybra\u0107?<\/a>.<\/p>\n\n\n\n<h2 class=\"wp-block-heading\"><strong>Kiedy nie wolno kosi\u0107 trawy?<\/strong><\/h2>\n\n\n\n<p>Przeanalizujmy, kiedy nie wolno kosi\u0107 trawy. Mo\u017cna wyr\u00f3\u017cni\u0107 okre\u015blone sytuacje, podczas kt\u00f3rych bezwzgl\u0119dnie nale\u017cy unika\u0107 wykonywania tej czynno\u015bci. Wymieniamy je poni\u017cej i zach\u0119camy do zapoznania si\u0119 z nimi.<\/p>\n\n\n\n<ul class=\"wp-block-list\">\n<li><strong>Mokra trawa<\/strong>: taki stan ro\u015blinno\u015bci zdecydowanie nie sprzyja jej \u015bcinaniu. Przyczyn jest co najmniej kilka, lecz przede wszystkim celem jest unikni\u0119cie ryzyka powstania uszkodze\u0144 ro\u015blinno\u015bci. Trudno te\u017c liczy\u0107 wtedy na r\u00f3wne ci\u0119cie, nawet u\u017cywaj\u0105c wysokiej jako\u015bci sprz\u0119tu.&nbsp;Oczywi\u015bcie w przypadku deszczu tak\u017ce nie ma \u017cadnych w\u0105tpliwo\u015bci, \u017ce koszenie trzeba od\u0142o\u017cy\u0107 w czasie. Nie mo\u017cna te\u017c zapomina\u0107 o porankach letnich miesi\u0119cy \u2013 charakteryzuj\u0105 si\u0119 one cz\u0119stym powstawaniem rosy. Wilgo\u0107 na trawie w takiej postaci to r\u00f3wnie\u017c znak, aby kosiarka nie zosta\u0142a uruchomiona.<\/li>\n\n\n\n<li><strong>Za niski poziom wysoko\u015bci trawy<\/strong>: je\u017celi \u017ad\u017ab\u0142a trawy s\u0105 zbyt kr\u00f3tkie, lepiej unika\u0107 ich \u015bcinania. Podj\u0119cie takich dzia\u0142a\u0144 mog\u0142oby spowodowa\u0107 mniejsz\u0105 odporno\u015b\u0107 na warunki zewn\u0119trze (zw\u0142aszcza atmosferyczne). Istnia\u0142oby ryzyko, \u017ce delikatne cz\u0119\u015bci, kt\u00f3re zosta\u0142y ods\u0142oni\u0119te, zosta\u0142yby uszkodzone, a nawet spalone przez intensywne promienie s\u0142oneczne.<\/li>\n\n\n\n<li><strong>Upa\u0142y<\/strong>: jak ju\u017c wcze\u015bniej wspomnieli\u015bmy, wykonywanie takich czynno\u015bci, jak koszenie trawy, nie powinno odbywa\u0107 si\u0119 w okresie najwi\u0119kszych upa\u0142\u00f3w. Mocne nas\u0142onecznienie mo\u017ce zaburzy\u0107 planowy rozw\u00f3j oraz spowodowa\u0107 zniszczenie ro\u015blinno\u015bci. Zeschni\u0119te \u017ad\u017ab\u0142a s\u0105 cz\u0119sto nie do uratowania.<\/li>\n<\/ul>\n\n\n\n<h2 class=\"wp-block-heading\"><strong>Dlaczego warto przestrzega\u0107 zasad koszenia trawy?<\/strong><\/h2>\n\n\n\n<p><strong>G\u0142\u00f3wne powody s\u0105 trzy.<\/strong> Pierwszy z nich to dbanie o stan ro\u015blinno\u015bci. <strong>Nikt przecie\u017c nie chce mie\u0107 zniszczonego trawnika<\/strong>, zw\u0142aszcza \u017ce ewentualna jego odbudowa nie nale\u017cy do najprostszych zada\u0144. Po drugie, istotn\u0105 kwesti\u0119 stanowi sprz\u0119t<strong>. <\/strong><a href=\"https:\/\/www.podlane.pl\/kosiarki--cat-628\"><strong>Kosiarki na akumulator<\/strong><\/a><strong> to niezwykle pomocne urz\u0105dzenia, lecz nale\u017cy u\u017cywa\u0107 ich wed\u0142ug zasad opisanych w instrukcjach obs\u0142ugi.<\/strong><\/p>\n\n\n\n<p>Ostatnim, lecz by\u0107 mo\u017ce nawet najwa\u017cniejszym opisywanym przez nas powodem, jest <strong>w\u0142asne bezpiecze\u0144stwo<\/strong>.&nbsp;Uwzgl\u0119dnij fakt, \u017ce koszenie mokrej trawy jest bardzo ryzykowna ze wzgl\u0119du na przew\u00f3d zasilaj\u0105cy, kt\u00f3ry le\u017cy na mokrej ziemi. Woda to jeden z najlepszych przewodnik\u00f3w pr\u0105du.<\/p>\n\n\n\n<h2 class=\"wp-block-heading\"><strong>Kiedy kosi\u0107 traw\u0119? Podsumowanie<\/strong><\/h2>\n\n\n\n<p>Wiesz ju\u017c, kiedy kosi\u0107 traw\u0119. <strong>Najwa\u017cniejsze zasady to \u015bcinanie trawnika w odpowiednich warunkach <\/strong>\u2013 gdy nie ma upa\u0142\u00f3w i intensywnego s\u0142o\u0144ca, a ro\u015blinno\u015b\u0107 jest ca\u0142kowicie sucha.&nbsp;<strong>Warto te\u017c u\u017cy\u0107 profesjonalnego sprz\u0119tu.<\/strong> My polecamy m.in. <a href=\"https:\/\/www.podlane.pl\/automatyczne-kosiarki-cat-516\">automatyczne kosiarki<\/a>.<\/p>\n","protected":false},"excerpt":{"rendered":"<p>Podstaw\u0105 piel\u0119gnacji ka\u017cdego ogrodu i ka\u017cdej dzia\u0142ki jest koszenie trawy. Czynno\u015b\u0107 ta z pozoru wydaje si\u0119 bardzo \u0142atwa. Jak si\u0119 jednak okazuje, mo\u017ce sprawia\u0107 trudno\u015bci, zw\u0142aszcza gdy wykona si\u0119 j\u0105 nieprawid\u0142owo. Pytanie, kiedy mo\u017cna kosi\u0107 traw\u0119, jest zatem ca\u0142kowicie normalne. Odpowiemy na nie w tym artykule i rozwiniemy temat tak, aby ju\u017c nigdy wi\u0119cej nie wzbudza\u0142 w\u0105tpliwo\u015bci. Kiedy mo\u017cna kosi\u0107 traw\u0119? Przede wszystkim nale\u017cy zwraca\u0107 uwag\u0119 na to, czy trawa jest wystarczaj\u0105co sucha. Na obszarach znajduj\u0105cych si\u0119 w obr\u0119bie klimat\u00f3w, w kt\u00f3rych przewa\u017caj\u0105 opady atmosferyczne przez ca\u0142y rok, to kwestia bardzo uci\u0105\u017cliwa. W Polsce jednak sytuacj\u0119 pod tym wzgl\u0119dem mo\u017cna uzna\u0107 za ca\u0142kiem optymistyczn\u0105. Oczywi\u015bcie zdarzaj\u0105 si\u0119 burze i opady deszczu w letnich miesi\u0105cach, jednak mo\u017cemy cieszy\u0107 si\u0119 tak\u017ce z wielu s\u0142onecznych dni. Skoro jeste\u015bmy ju\u017c przy pogodzie, musimy tak\u017ce wspomnie\u0107, \u017ce upalne dni nie s\u0105 dobrym wyborem na koszenie traw. W letnich miesi\u0105cach, w godzinach, gdy s\u0142o\u0144ce najbardziej dogrzewa, to zdecydowanie niewskazany moment na t\u0119 czynno\u015b\u0107. Jak wi\u0119c sobie poradzi\u0107 z tym problemem? Przede wszystkim nale\u017cy wybiera\u0107 godziny poranne lub wieczorne. Wtedy temperatura spada i staje si\u0119 bardziej odpowiednia do koszenia trawy. Ro\u015bliny s\u0105 w\u00f3wczas najbardziej podatne na \u015bcinanie ze wzgl\u0119du na swoj\u0105 wi\u0119ksz\u0105 spr\u0119\u017cysto\u015b\u0107 w tych warunkach. Zobacz te\u017c: Jak\u0105 kosiark\u0119 wybra\u0107 do du\u017cych powierzchni?. Co ile kosi\u0107 traw\u0119? Kolejn\u0105 fundamentaln\u0105 kwesti\u0105 dla wszystkich posiadaj\u0105cych ogrody lub dzia\u0142ki jest wyja\u015bnienie, jak cz\u0119sto kosi\u0107 traw\u0119.&nbsp;Odpowied\u017a na to pytanie nie mo\u017ce by\u0107 jednoznaczna, poniewa\u017c wiele zale\u017cy od rodzaju trawy, tempa jej wzrostu czy warunk\u00f3w pogodowych. Z regu\u0142y jednak przyjmuje si\u0119, \u017ce koszenie powinno odbywa\u0107 si\u0119 raz na tydzie\u0144 lub raz na dwa tygodnie. Trzeba jednak doda\u0107 o mo\u017cliwo\u015bci odst\u0119pstw od tej zasady. Mog\u0105 one obowi\u0105zywa\u0107 zw\u0142aszcza w okresie najintensywniejszego wzrostu \u2013 od po\u0142owy kwietnia do ko\u0144ca czerwca. W\u00f3wczas co ile nale\u017cy kosi\u0107 traw\u0119? Zwi\u0119kszenie cz\u0119stotliwo\u015bci z jednego do dw\u00f3ch razy w tygodniu b\u0119dzie jak najbardziej wskazane. Poza tym, je\u015bli ro\u015blinno\u015b\u0107 nie jest podlewana w okresie suszy, jej tempo wzrostu spowalnia. W zwi\u0105zku tym cz\u0119stotliwo\u015b\u0107 \u015bcinania r\u00f3wnie\u017c mo\u017ce si\u0119 zmieni\u0107. Dok\u0142adna wysoko\u015b\u0107 \u015bcinania trawnika zale\u017cy mi\u0119dzy innymi od jego rodzaju. Niekt\u00f3rzy decyduj\u0105 si\u0119 na pozostawienie zaledwie 2-3 cm, lecz w naszym klimacie korzystniejszym rozwi\u0105zaniem jest poziom od 4 do 6 centymetr\u00f3w. Poza tym warto pami\u0119ta\u0107, aby nie skraca\u0107 \u017ad\u017abe\u0142 trawy powy\u017cej po\u0142owy ich d\u0142ugo\u015bci. Nale\u017cy te\u017c zwraca\u0107 uwag\u0119 na panuj\u0105ce warunki. Podczas wysokich temperatur powinno si\u0119 kosi\u0107 na wy\u017cszej wysoko\u015bci. Przeczytaj tak\u017ce: Kosiarka czy robot kosz\u0105cy \u2013 co wybra\u0107?. Kiedy nie wolno kosi\u0107 trawy? Przeanalizujmy, kiedy nie wolno kosi\u0107 trawy. Mo\u017cna wyr\u00f3\u017cni\u0107 okre\u015blone sytuacje, podczas kt\u00f3rych bezwzgl\u0119dnie nale\u017cy unika\u0107 wykonywania tej czynno\u015bci. Wymieniamy je poni\u017cej i zach\u0119camy do zapoznania si\u0119 z nimi. Dlaczego warto przestrzega\u0107 zasad koszenia trawy? G\u0142\u00f3wne powody s\u0105 trzy. Pierwszy z nich to dbanie o stan ro\u015blinno\u015bci. Nikt przecie\u017c nie chce mie\u0107 zniszczonego trawnika, zw\u0142aszcza \u017ce ewentualna jego odbudowa nie nale\u017cy do najprostszych zada\u0144. Po drugie, istotn\u0105 kwesti\u0119 stanowi sprz\u0119t. Kosiarki na akumulator to niezwykle pomocne urz\u0105dzenia, lecz nale\u017cy u\u017cywa\u0107 ich wed\u0142ug zasad opisanych w instrukcjach obs\u0142ugi. Ostatnim, lecz by\u0107 mo\u017ce nawet najwa\u017cniejszym opisywanym przez nas powodem, jest w\u0142asne bezpiecze\u0144stwo.&nbsp;Uwzgl\u0119dnij fakt, \u017ce koszenie mokrej trawy jest bardzo ryzykowna ze wzgl\u0119du na przew\u00f3d zasilaj\u0105cy, kt\u00f3ry le\u017cy na mokrej ziemi. Woda to jeden z najlepszych przewodnik\u00f3w pr\u0105du. Kiedy kosi\u0107 traw\u0119? Podsumowanie Wiesz ju\u017c, kiedy kosi\u0107 traw\u0119. Najwa\u017cniejsze zasady to \u015bcinanie trawnika w odpowiednich warunkach \u2013 gdy nie ma upa\u0142\u00f3w i intensywnego s\u0142o\u0144ca, a ro\u015blinno\u015b\u0107 jest ca\u0142kowicie sucha.&nbsp;Warto te\u017c u\u017cy\u0107 profesjonalnego sprz\u0119tu. My polecamy m.in. automatyczne kosiarki.<\/p>\n","protected":false},"author":2,"featured_media":1591,"comment_status":"open","ping_status":"open","sticky":false,"template":"","format":"standard","meta":{"footnotes":""},"categories":[1],"tags":[],"class_list":["post-1590","post","type-post","status-publish","format-standard","has-post-thumbnail","hentry","category-artykuly"],"yoast_head":"<!-- This site is optimized with the Yoast SEO plugin v21.6 - https:\/\/yoast.com\/wordpress\/plugins\/seo\/ -->\r\n<title>Kiedy kosi\u0107 traw\u0119? - Blog podlane.pl<\/title>\r\n<meta name=\"description\" content=\"Je\u017celi zadajesz sobie pytanie, kiedy kosi\u0107 traw\u0119, ten artyku\u0142 jest w\u0142a\u015bnie dla Ciebie! Dowiedz si\u0119, jak dba\u0107 o sw\u00f3j trawnik przez ca\u0142y rok.\" \/>\r\n<meta name=\"robots\" content=\"index, follow, max-snippet:-1, max-image-preview:large, max-video-preview:-1\" \/>\r\n<link rel=\"canonical\" href=\"https:\/\/www.podlane.pl\/blog\/kiedy-kosic-trawe\/\" \/>\r\n<meta property=\"og:locale\" content=\"pl_PL\" \/>\r\n<meta property=\"og:type\" content=\"article\" \/>\r\n<meta property=\"og:title\" content=\"Kiedy kosi\u0107 traw\u0119? - Blog podlane.pl\" \/>\r\n<meta property=\"og:description\" content=\"Je\u017celi zadajesz sobie pytanie, kiedy kosi\u0107 traw\u0119, ten artyku\u0142 jest w\u0142a\u015bnie dla Ciebie! Dowiedz si\u0119, jak dba\u0107 o sw\u00f3j trawnik przez ca\u0142y rok.\" \/>\r\n<meta property=\"og:url\" content=\"https:\/\/www.podlane.pl\/blog\/kiedy-kosic-trawe\/\" \/>\r\n<meta property=\"og:site_name\" content=\"Blog podlane.pl\" \/>\r\n<meta property=\"article:published_time\" content=\"2023-12-27T16:35:03+00:00\" \/>\r\n<meta property=\"article:modified_time\" content=\"2023-12-27T16:35:04+00:00\" \/>\r\n<meta property=\"og:image\" content=\"https:\/\/www.podlane.pl\/blog\/wp-content\/uploads\/2023\/12\/kiedy-kosic-trawe.jpg\" \/>\r\n\t<meta property=\"og:image:width\" content=\"724\" \/>\r\n\t<meta property=\"og:image:height\" content=\"483\" \/>\r\n\t<meta property=\"og:image:type\" content=\"image\/jpeg\" \/>\r\n<meta name=\"author\" content=\"Mateusz\" \/>\r\n<meta name=\"twitter:card\" content=\"summary_large_image\" \/>\r\n<meta name=\"twitter:label1\" content=\"Napisane przez\" \/>\n\t<meta name=\"twitter:data1\" content=\"Mateusz\" \/>\n\t<meta name=\"twitter:label2\" content=\"Szacowany czas czytania\" \/>\n\t<meta name=\"twitter:data2\" content=\"5 minut\" \/>\r\n<script type=\"application\/ld+json\" class=\"yoast-schema-graph\">{\"@context\":\"https:\/\/schema.org\",\"@graph\":[{\"@type\":\"Article\",\"@id\":\"https:\/\/www.podlane.pl\/blog\/kiedy-kosic-trawe\/#article\",\"isPartOf\":{\"@id\":\"https:\/\/www.podlane.pl\/blog\/kiedy-kosic-trawe\/\"},\"author\":{\"name\":\"Mateusz\",\"@id\":\"https:\/\/www.podlane.pl\/blog\/#\/schema\/person\/263cbb0e3dfad77d3f4135c972b7a087\"},\"headline\":\"Kiedy kosi\u0107 traw\u0119?\",\"datePublished\":\"2023-12-27T16:35:03+00:00\",\"dateModified\":\"2023-12-27T16:35:04+00:00\",\"mainEntityOfPage\":{\"@id\":\"https:\/\/www.podlane.pl\/blog\/kiedy-kosic-trawe\/\"},\"wordCount\":917,\"commentCount\":0,\"publisher\":{\"@id\":\"https:\/\/www.podlane.pl\/blog\/#organization\"},\"articleSection\":[\"Artykuly\"],\"inLanguage\":\"pl-PL\",\"potentialAction\":[{\"@type\":\"CommentAction\",\"name\":\"Comment\",\"target\":[\"https:\/\/www.podlane.pl\/blog\/kiedy-kosic-trawe\/#respond\"]}]},{\"@type\":\"WebPage\",\"@id\":\"https:\/\/www.podlane.pl\/blog\/kiedy-kosic-trawe\/\",\"url\":\"https:\/\/www.podlane.pl\/blog\/kiedy-kosic-trawe\/\",\"name\":\"Kiedy kosi\u0107 traw\u0119? - Blog podlane.pl\",\"isPartOf\":{\"@id\":\"https:\/\/www.podlane.pl\/blog\/#website\"},\"datePublished\":\"2023-12-27T16:35:03+00:00\",\"dateModified\":\"2023-12-27T16:35:04+00:00\",\"description\":\"Je\u017celi zadajesz sobie pytanie, kiedy kosi\u0107 traw\u0119, ten artyku\u0142 jest w\u0142a\u015bnie dla Ciebie! Dowiedz si\u0119, jak dba\u0107 o sw\u00f3j trawnik przez ca\u0142y rok.\",\"breadcrumb\":{\"@id\":\"https:\/\/www.podlane.pl\/blog\/kiedy-kosic-trawe\/#breadcrumb\"},\"inLanguage\":\"pl-PL\",\"potentialAction\":[{\"@type\":\"ReadAction\",\"target\":[\"https:\/\/www.podlane.pl\/blog\/kiedy-kosic-trawe\/\"]}]},{\"@type\":\"BreadcrumbList\",\"@id\":\"https:\/\/www.podlane.pl\/blog\/kiedy-kosic-trawe\/#breadcrumb\",\"itemListElement\":[{\"@type\":\"ListItem\",\"position\":1,\"name\":\"Strona g\u0142\u00f3wna\",\"item\":\"https:\/\/www.podlane.pl\/blog\/\"},{\"@type\":\"ListItem\",\"position\":2,\"name\":\"Kiedy kosi\u0107 traw\u0119?\"}]},{\"@type\":\"WebSite\",\"@id\":\"https:\/\/www.podlane.pl\/blog\/#website\",\"url\":\"https:\/\/www.podlane.pl\/blog\/\",\"name\":\"Blog podlane.pl\",\"description\":\"DIY - Zr\u00f3b to sam\",\"publisher\":{\"@id\":\"https:\/\/www.podlane.pl\/blog\/#organization\"},\"potentialAction\":[{\"@type\":\"SearchAction\",\"target\":{\"@type\":\"EntryPoint\",\"urlTemplate\":\"https:\/\/www.podlane.pl\/blog\/?s={search_term_string}\"},\"query-input\":\"required name=search_term_string\"}],\"inLanguage\":\"pl-PL\"},{\"@type\":\"Organization\",\"@id\":\"https:\/\/www.podlane.pl\/blog\/#organization\",\"name\":\"Blog podlane.pl\",\"url\":\"https:\/\/www.podlane.pl\/blog\/\",\"logo\":{\"@type\":\"ImageObject\",\"inLanguage\":\"pl-PL\",\"@id\":\"https:\/\/www.podlane.pl\/blog\/#\/schema\/logo\/image\/\",\"url\":\"https:\/\/www.podlane.pl\/blog\/wp-content\/uploads\/2021\/01\/logo-podlane-pl.png\",\"contentUrl\":\"https:\/\/www.podlane.pl\/blog\/wp-content\/uploads\/2021\/01\/logo-podlane-pl.png\",\"width\":700,\"height\":364,\"caption\":\"Blog podlane.pl\"},\"image\":{\"@id\":\"https:\/\/www.podlane.pl\/blog\/#\/schema\/logo\/image\/\"}},{\"@type\":\"Person\",\"@id\":\"https:\/\/www.podlane.pl\/blog\/#\/schema\/person\/263cbb0e3dfad77d3f4135c972b7a087\",\"name\":\"Mateusz\",\"image\":{\"@type\":\"ImageObject\",\"inLanguage\":\"pl-PL\",\"@id\":\"https:\/\/www.podlane.pl\/blog\/#\/schema\/person\/image\/\",\"url\":\"https:\/\/secure.gravatar.com\/avatar\/3a5c351d002ae93f2ec811a6b6ec111251cf2e039c52fdf8d33be3e4397ee644?s=96&d=mm&r=g\",\"contentUrl\":\"https:\/\/secure.gravatar.com\/avatar\/3a5c351d002ae93f2ec811a6b6ec111251cf2e039c52fdf8d33be3e4397ee644?s=96&d=mm&r=g\",\"caption\":\"Mateusz\"},\"url\":\"https:\/\/www.podlane.pl\/blog\/author\/mateusz\/\"}]}<\/script>\r\n<!-- \/ Yoast SEO plugin. -->","yoast_head_json":{"title":"Kiedy kosi\u0107 traw\u0119? - Blog podlane.pl","description":"Je\u017celi zadajesz sobie pytanie, kiedy kosi\u0107 traw\u0119, ten artyku\u0142 jest w\u0142a\u015bnie dla Ciebie! Dowiedz si\u0119, jak dba\u0107 o sw\u00f3j trawnik przez ca\u0142y rok.","robots":{"index":"index","follow":"follow","max-snippet":"max-snippet:-1","max-image-preview":"max-image-preview:large","max-video-preview":"max-video-preview:-1"},"canonical":"https:\/\/www.podlane.pl\/blog\/kiedy-kosic-trawe\/","og_locale":"pl_PL","og_type":"article","og_title":"Kiedy kosi\u0107 traw\u0119? - Blog podlane.pl","og_description":"Je\u017celi zadajesz sobie pytanie, kiedy kosi\u0107 traw\u0119, ten artyku\u0142 jest w\u0142a\u015bnie dla Ciebie! Dowiedz si\u0119, jak dba\u0107 o sw\u00f3j trawnik przez ca\u0142y rok.","og_url":"https:\/\/www.podlane.pl\/blog\/kiedy-kosic-trawe\/","og_site_name":"Blog podlane.pl","article_published_time":"2023-12-27T16:35:03+00:00","article_modified_time":"2023-12-27T16:35:04+00:00","og_image":[{"width":724,"height":483,"url":"https:\/\/www.podlane.pl\/blog\/wp-content\/uploads\/2023\/12\/kiedy-kosic-trawe.jpg","type":"image\/jpeg"}],"author":"Mateusz","twitter_card":"summary_large_image","twitter_misc":{"Napisane przez":"Mateusz","Szacowany czas czytania":"5 minut"},"schema":{"@context":"https:\/\/schema.org","@graph":[{"@type":"Article","@id":"https:\/\/www.podlane.pl\/blog\/kiedy-kosic-trawe\/#article","isPartOf":{"@id":"https:\/\/www.podlane.pl\/blog\/kiedy-kosic-trawe\/"},"author":{"name":"Mateusz","@id":"https:\/\/www.podlane.pl\/blog\/#\/schema\/person\/263cbb0e3dfad77d3f4135c972b7a087"},"headline":"Kiedy kosi\u0107 traw\u0119?","datePublished":"2023-12-27T16:35:03+00:00","dateModified":"2023-12-27T16:35:04+00:00","mainEntityOfPage":{"@id":"https:\/\/www.podlane.pl\/blog\/kiedy-kosic-trawe\/"},"wordCount":917,"commentCount":0,"publisher":{"@id":"https:\/\/www.podlane.pl\/blog\/#organization"},"articleSection":["Artykuly"],"inLanguage":"pl-PL","potentialAction":[{"@type":"CommentAction","name":"Comment","target":["https:\/\/www.podlane.pl\/blog\/kiedy-kosic-trawe\/#respond"]}]},{"@type":"WebPage","@id":"https:\/\/www.podlane.pl\/blog\/kiedy-kosic-trawe\/","url":"https:\/\/www.podlane.pl\/blog\/kiedy-kosic-trawe\/","name":"Kiedy kosi\u0107 traw\u0119? - Blog podlane.pl","isPartOf":{"@id":"https:\/\/www.podlane.pl\/blog\/#website"},"datePublished":"2023-12-27T16:35:03+00:00","dateModified":"2023-12-27T16:35:04+00:00","description":"Je\u017celi zadajesz sobie pytanie, kiedy kosi\u0107 traw\u0119, ten artyku\u0142 jest w\u0142a\u015bnie dla Ciebie! Dowiedz si\u0119, jak dba\u0107 o sw\u00f3j trawnik przez ca\u0142y rok.","breadcrumb":{"@id":"https:\/\/www.podlane.pl\/blog\/kiedy-kosic-trawe\/#breadcrumb"},"inLanguage":"pl-PL","potentialAction":[{"@type":"ReadAction","target":["https:\/\/www.podlane.pl\/blog\/kiedy-kosic-trawe\/"]}]},{"@type":"BreadcrumbList","@id":"https:\/\/www.podlane.pl\/blog\/kiedy-kosic-trawe\/#breadcrumb","itemListElement":[{"@type":"ListItem","position":1,"name":"Strona g\u0142\u00f3wna","item":"https:\/\/www.podlane.pl\/blog\/"},{"@type":"ListItem","position":2,"name":"Kiedy kosi\u0107 traw\u0119?"}]},{"@type":"WebSite","@id":"https:\/\/www.podlane.pl\/blog\/#website","url":"https:\/\/www.podlane.pl\/blog\/","name":"Blog podlane.pl","description":"DIY - Zr\u00f3b to sam","publisher":{"@id":"https:\/\/www.podlane.pl\/blog\/#organization"},"potentialAction":[{"@type":"SearchAction","target":{"@type":"EntryPoint","urlTemplate":"https:\/\/www.podlane.pl\/blog\/?s={search_term_string}"},"query-input":"required name=search_term_string"}],"inLanguage":"pl-PL"},{"@type":"Organization","@id":"https:\/\/www.podlane.pl\/blog\/#organization","name":"Blog podlane.pl","url":"https:\/\/www.podlane.pl\/blog\/","logo":{"@type":"ImageObject","inLanguage":"pl-PL","@id":"https:\/\/www.podlane.pl\/blog\/#\/schema\/logo\/image\/","url":"https:\/\/www.podlane.pl\/blog\/wp-content\/uploads\/2021\/01\/logo-podlane-pl.png","contentUrl":"https:\/\/www.podlane.pl\/blog\/wp-content\/uploads\/2021\/01\/logo-podlane-pl.png","width":700,"height":364,"caption":"Blog podlane.pl"},"image":{"@id":"https:\/\/www.podlane.pl\/blog\/#\/schema\/logo\/image\/"}},{"@type":"Person","@id":"https:\/\/www.podlane.pl\/blog\/#\/schema\/person\/263cbb0e3dfad77d3f4135c972b7a087","name":"Mateusz","image":{"@type":"ImageObject","inLanguage":"pl-PL","@id":"https:\/\/www.podlane.pl\/blog\/#\/schema\/person\/image\/","url":"https:\/\/secure.gravatar.com\/avatar\/3a5c351d002ae93f2ec811a6b6ec111251cf2e039c52fdf8d33be3e4397ee644?s=96&d=mm&r=g","contentUrl":"https:\/\/secure.gravatar.com\/avatar\/3a5c351d002ae93f2ec811a6b6ec111251cf2e039c52fdf8d33be3e4397ee644?s=96&d=mm&r=g","caption":"Mateusz"},"url":"https:\/\/www.podlane.pl\/blog\/author\/mateusz\/"}]}},"_links":{"self":[{"href":"https:\/\/www.podlane.pl\/blog\/wp-json\/wp\/v2\/posts\/1590","targetHints":{"allow":["GET"]}}],"collection":[{"href":"https:\/\/www.podlane.pl\/blog\/wp-json\/wp\/v2\/posts"}],"about":[{"href":"https:\/\/www.podlane.pl\/blog\/wp-json\/wp\/v2\/types\/post"}],"author":[{"embeddable":true,"href":"https:\/\/www.podlane.pl\/blog\/wp-json\/wp\/v2\/users\/2"}],"replies":[{"embeddable":true,"href":"https:\/\/www.podlane.pl\/blog\/wp-json\/wp\/v2\/comments?post=1590"}],"version-history":[{"count":1,"href":"https:\/\/www.podlane.pl\/blog\/wp-json\/wp\/v2\/posts\/1590\/revisions"}],"predecessor-version":[{"id":1592,"href":"https:\/\/www.podlane.pl\/blog\/wp-json\/wp\/v2\/posts\/1590\/revisions\/1592"}],"wp:featuredmedia":[{"embeddable":true,"href":"https:\/\/www.podlane.pl\/blog\/wp-json\/wp\/v2\/media\/1591"}],"wp:attachment":[{"href":"https:\/\/www.podlane.pl\/blog\/wp-json\/wp\/v2\/media?parent=1590"}],"wp:term":[{"taxonomy":"category","embeddable":true,"href":"https:\/\/www.podlane.pl\/blog\/wp-json\/wp\/v2\/categories?post=1590"},{"taxonomy":"post_tag","embeddable":true,"href":"https:\/\/www.podlane.pl\/blog\/wp-json\/wp\/v2\/tags?post=1590"}],"curies":[{"name":"wp","href":"https:\/\/api.w.org\/{rel}","templated":true}]}}